{"id":428223,"date":"2025-09-30T09:03:14","date_gmt":"2025-09-30T09:03:14","guid":{"rendered":"https:\/\/www.europesays.com\/fr\/428223\/"},"modified":"2025-09-30T09:03:14","modified_gmt":"2025-09-30T09:03:14","slug":"la-pologne-decroche-le-bronze-face-a-la-bulgarie-au-mondial-de-volley-lequipe","status":"publish","type":"post","link":"https:\/\/www.europesays.com\/fr\/428223\/","title":{"rendered":"La Pologne d\u00e9croche le bronze face \u00e0 la Bulgarie au Mondial de volley &#8211; L&#039;\u00c9quipe"},"content":{"rendered":"<ol>\n<li><a href=\"https:\/\/news.google.com\/rss\/articles\/CBMiwAFBVV95cUxQU2R4RU4xNlNSZmpRTWhoYTNfZHNzelRqaXBoTEQ4Y08wSXhDZURLTG4tQnFXNTdzbHRZX0pkSGU4YXJFdkc2b2w3cDllYmUyRHlnUC01OEI5b0w0Mkl2T2tNN04xbmxna0N1TUZPVjhVVjFNdkNYMFlxSlE3OHRuVmMwZUNyRUtLTlMyN1NmaWU2SFgxMEJNVjY3S0plYXhVcHJsS1owSks3THk1VWI0TjEtWUVyTTIyUGtmWFNhb2Q?oc=5\" target=\"_blank\" rel=\"nofollow noopener\">La Pologne d\u00e9croche le bronze face \u00e0 la Bulgarie au Mondial de volley<\/a>&nbsp;&nbsp;L&rsquo;\u00c9quipe<\/li>\n<li><a href=\"https:\/\/news.google.com\/rss\/articles\/CBMitwFBVV95cUxQa3djYTZCMS1JNW9xb2pOWmUwUWVXUHJGVldWWDZtdS1wTVFJdm9nM3BqMDVya3J0WFZsTUNVMTBVT3MwcUJvX2ZGX3BObnctZjZ1OG9VTHplOWpLQ2FicElvb2d5MTZSRzRjbjJaS09qTFF3LVVQcVp4cURiSS0xTDkxOE9DeVA0NDc3TldMYXhOY2Q1WXFJcE4xVWlGQU9zSW5rYXplWDh0emMyeDExR05NUkpiaXc?oc=5\" target=\"_blank\" rel=\"nofollow noopener\">Le replay de Tch\u00e9quie &#8211; Bulgarie (set 3) &#8211; Volley<\/a>&nbsp;&nbsp;Orange Actualit\u00e9s | Sports<\/li>\n<li><a href=\"https:\/\/news.google.com\/rss\/articles\/CBMingJBVV95cUxQeFRyUGdPSUpDd0J4ZHRDS2dvSUNDckNjZjZ2QzRsaFNDMHlfb2EyTElBM0NUR3o1d00ySUF3V3NoaEJrUXRCdEw0Zm85amlyTUlhY2ZEaWpNdTFyTDNsV2hTUlVJVDNMS01rakpPc3RVRG9TZUJkY2ZUZ2kzYjRiUnEteUR4OUZsM3M3YzNPTzRHcG5EMVNwS003ZTVsLWExN0lmMktKbFVzOWFPVF9xb1RSalR6LTF2djdRZkZIQlNsTHZjVFBwZi1MYTNla3hGcjJmcWYyVnBUWWQzSmZWdUtzcE4ySVhpMmhXZGRRMDRkMVVrdGVkQ1g4cU9UYjJrRlIwbHdqQTZROTFWalZRdFJuWGxnb19nQUYwY1dn?oc=5\" target=\"_blank\" rel=\"nofollow noopener\">Championnat du monde volleyball 2025 : \u00e0 quelle heure et sur quelle cha\u00eene voir la finale en direct ?<\/a>&nbsp;&nbsp;Le Parisien<\/li>\n<li><a href=\"https:\/\/news.google.com\/rss\/articles\/CBMi0AFBVV95cUxQQmRrQ05WR3pwRzI5N2NjVDVxTFJPeG8ycnVnN2VPeTRKUk1Rd2VpUUxndHJPNDAxMWdsMlp4cUpqNDhwQTlVSWFVMlF2V0FfZlZBTHJFSjk1RDQyS0VpTjN1SDI1OVJfWHlJSS1KZVpyRmZfVGdxY0JiTFNQSHd4NlY0S0xMZHlPbC1IR0wxNjduem11MFlxRHNRVWo2ZWprZ3VfckZOU2xOdXlrX0xid0JNQzBQSzZmdzgyMzJOOVZvRUpGLXBlZzdORXQxT3dX?oc=5\" target=\"_blank\" rel=\"nofollow noopener\">55 ans apr\u00e8s, la Bulgarie retrouve la finale du Mondial face aux favoris italiens<\/a>&nbsp;&nbsp;MSN<\/li>\n<li><a href=\"https:\/\/news.google.com\/rss\/articles\/CBMiuAFBVV95cUxNS1d5Z0U4OHd0WU13aElQXzd0clQyYllTTlpreVBtTzlKNFpsd0Z2Y2pXc3dTME5MQkdjUjJkV3hua25JMjdla3FNWmlRLVI1VTk3azVWRWN4WENHekl5YURDaDNfVC1XZHNfZDdQdUhxbDM0VlFFbnpiN2l6VUdhS1RkcUtpSUVsNVd6LTJyYzVEZHN3VDlYMUxCVTI5SzlUNmFNYzNVLV8wU0NtVUFpVWt4X1dsY21j?oc=5\" target=\"_blank\" rel=\"nofollow noopener\">Volley-ball : La s\u00e9lection tunisienne termine 12\u00e8me au Championnat du monde<\/a>&nbsp;&nbsp;Tunisie-Tribune<\/li>\n<\/ol>\n","protected":false},"excerpt":{"rendered":"La Pologne d\u00e9croche le bronze face \u00e0 la Bulgarie au Mondial de volley&nbsp;&nbsp;L&rsquo;\u00c9quipe Le replay de Tch\u00e9quie &#8211;&hellip;\n","protected":false},"author":2,"featured_media":428224,"comment_status":"","ping_status":"","sticky":false,"template":"","format":"standard","meta":{"footnotes":""},"categories":[1417],"tags":[1011,27,60,1470,1469],"class_list":{"0":"post-428223","1":"post","2":"type-post","3":"status-publish","4":"format-standard","5":"has-post-thumbnail","7":"category-volley","8":"tag-fr","9":"tag-france","10":"tag-sports","11":"tag-volley","12":"tag-volleyball"},"share_on_mastodon":{"url":"https:\/\/pubeurope.com\/@fr\/115292445365551769","error":""},"_links":{"self":[{"href":"https:\/\/www.europesays.com\/fr\/wp-json\/wp\/v2\/posts\/428223","targetHints":{"allow":["GET"]}}],"collection":[{"href":"https:\/\/www.europesays.com\/fr\/wp-json\/wp\/v2\/posts"}],"about":[{"href":"https:\/\/www.europesays.com\/fr\/wp-json\/wp\/v2\/types\/post"}],"author":[{"embeddable":true,"href":"https:\/\/www.europesays.com\/fr\/wp-json\/wp\/v2\/users\/2"}],"replies":[{"embeddable":true,"href":"https:\/\/www.europesays.com\/fr\/wp-json\/wp\/v2\/comments?post=428223"}],"version-history":[{"count":0,"href":"https:\/\/www.europesays.com\/fr\/wp-json\/wp\/v2\/posts\/428223\/revisions"}],"wp:featuredmedia":[{"embeddable":true,"href":"https:\/\/www.europesays.com\/fr\/wp-json\/wp\/v2\/media\/428224"}],"wp:attachment":[{"href":"https:\/\/www.europesays.com\/fr\/wp-json\/wp\/v2\/media?parent=428223"}],"wp:term":[{"taxonomy":"category","embeddable":true,"href":"https:\/\/www.europesays.com\/fr\/wp-json\/wp\/v2\/categories?post=428223"},{"taxonomy":"post_tag","embeddable":true,"href":"https:\/\/www.europesays.com\/fr\/wp-json\/wp\/v2\/tags?post=428223"}],"curies":[{"name":"wp","href":"https:\/\/api.w.org\/{rel}","templated":true}]}}