{"id":428228,"date":"2025-09-30T09:07:09","date_gmt":"2025-09-30T09:07:09","guid":{"rendered":"https:\/\/www.europesays.com\/fr\/428228\/"},"modified":"2025-09-30T09:07:09","modified_gmt":"2025-09-30T09:07:09","slug":"lcr-confirme-le-depart-de-chantra-en-worldsbk-pour-2026","status":"publish","type":"post","link":"https:\/\/www.europesays.com\/fr\/428228\/","title":{"rendered":"LCR confirme le d\u00e9part de Chantra en WorldSBK pour 2026"},"content":{"rendered":"<p>C&rsquo;est d\u00e9sormais officiel : Somkiat Chantra (IDEMITSU Honda LCR) ne roulera pas chez Honda LCR en 2026. Pour sa premi\u00e8re ann\u00e9e, le n\u00b035 est entr\u00e9 dans l&rsquo;histoire en devenant le premier Tha\u00eflandais \u00e0 participer \u00e0 la cat\u00e9gorie MotoGP\u2122 et \u00e0 marquer des points au Championnat, une \u00e9tape importante qui restera \u00e0 jamais grav\u00e9e dans les annales de la discipline. Malgr\u00e9 deux blessures qui ont limit\u00e9 sa capacit\u00e9 \u00e0 progresser de mani\u00e8re constante, le rookie a fait preuve de d\u00e9termination et s&rsquo;est am\u00e9lior\u00e9 tout au long de la saison.<\/p>\n<p>En 2026, il va se lancer dans une nouvelle aventure en WorldSBK avec l&rsquo;\u00e9quipe Honda HRC. LCR remercie Somkiat Chantra pour son d\u00e9vouement et lui souhaite beaucoup de succ\u00e8s dans la suite de sa carri\u00e8re.<\/p>\n<p><strong>Lucio Cecchinello, directeur de l&rsquo;\u00e9quipe IDEMITSU Honda LCR : <\/strong>\u00ab La premi\u00e8re ann\u00e9e de Somkiat Chantra en MotoGP\u2122 n&rsquo;a pas \u00e9t\u00e9 facile en raison de blessures qui l&rsquo;ont emp\u00each\u00e9 d&rsquo;\u00eatre r\u00e9gulier dans sa progression. Chez IDEMITSU Honda LCR, on appr\u00e9cie r\u00e9ellement sa collaboration, sa d\u00e9termination \u00e0 aller de l&rsquo;avant et le fait qu&rsquo;il ait r\u00e9ussi \u00e0 marquer des points. Il est entr\u00e9 dans l&rsquo;histoire en tant que premier pilote tha\u00eflandais en cat\u00e9gorie reine, et on lui souhaite le meilleur pour un avenir brillant et prometteur avec l&rsquo;\u00e9quipe Honda HRC en WorldSBK \u00bb.\u00a0<\/p>\n<p>\u00a0<\/p>\n","protected":false},"excerpt":{"rendered":"C&rsquo;est d\u00e9sormais officiel : Somkiat Chantra (IDEMITSU Honda LCR) ne roulera pas chez Honda LCR en 2026. Pour&hellip;\n","protected":false},"author":2,"featured_media":237765,"comment_status":"","ping_status":"","sticky":false,"template":"","format":"standard","meta":{"footnotes":""},"categories":[1413],"tags":[1011,27,1457,1456,60,2032],"class_list":{"0":"post-428228","1":"post","2":"type-post","3":"status-publish","4":"format-standard","5":"has-post-thumbnail","7":"category-moto","8":"tag-fr","9":"tag-france","10":"tag-moto","11":"tag-motocycle","12":"tag-sports","13":"tag-text"},"share_on_mastodon":{"url":"https:\/\/pubeurope.com\/@fr\/115292461135481295","error":""},"_links":{"self":[{"href":"https:\/\/www.europesays.com\/fr\/wp-json\/wp\/v2\/posts\/428228","targetHints":{"allow":["GET"]}}],"collection":[{"href":"https:\/\/www.europesays.com\/fr\/wp-json\/wp\/v2\/posts"}],"about":[{"href":"https:\/\/www.europesays.com\/fr\/wp-json\/wp\/v2\/types\/post"}],"author":[{"embeddable":true,"href":"https:\/\/www.europesays.com\/fr\/wp-json\/wp\/v2\/users\/2"}],"replies":[{"embeddable":true,"href":"https:\/\/www.europesays.com\/fr\/wp-json\/wp\/v2\/comments?post=428228"}],"version-history":[{"count":0,"href":"https:\/\/www.europesays.com\/fr\/wp-json\/wp\/v2\/posts\/428228\/revisions"}],"wp:featuredmedia":[{"embeddable":true,"href":"https:\/\/www.europesays.com\/fr\/wp-json\/wp\/v2\/media\/237765"}],"wp:attachment":[{"href":"https:\/\/www.europesays.com\/fr\/wp-json\/wp\/v2\/media?parent=428228"}],"wp:term":[{"taxonomy":"category","embeddable":true,"href":"https:\/\/www.europesays.com\/fr\/wp-json\/wp\/v2\/categories?post=428228"},{"taxonomy":"post_tag","embeddable":true,"href":"https:\/\/www.europesays.com\/fr\/wp-json\/wp\/v2\/tags?post=428228"}],"curies":[{"name":"wp","href":"https:\/\/api.w.org\/{rel}","templated":true}]}}