{"id":428268,"date":"2025-09-30T09:28:14","date_gmt":"2025-09-30T09:28:14","guid":{"rendered":"https:\/\/www.europesays.com\/fr\/428268\/"},"modified":"2025-09-30T09:28:14","modified_gmt":"2025-09-30T09:28:14","slug":"ligue-2-ancien-du-dfco-zakaria-fdaouch-est-la-ou-il-voulait-etre-avec-nancy","status":"publish","type":"post","link":"https:\/\/www.europesays.com\/fr\/428268\/","title":{"rendered":"Ligue 2. Ancien du DFCO, Zakaria Fdaouch est l\u00e0 o\u00f9 il voulait \u00eatre avec Nancy"},"content":{"rendered":"<p>Il attendait sa chance \u00e0 ce niveau depuis de longues saisons. Longtemps, <a href=\"https:\/\/www.bienpublic.com\/p\/zakaria-fdaouch-footballeur-francais\" target=\"_blank\" rel=\"noopener\">Zakaria Fdaouch<\/a> avait tap\u00e9 \u00e0 la porte de la Ligue 2 avec ses performances r\u00e9p\u00e9t\u00e9es avec Martigues (2022-2023), <a href=\"https:\/\/www.bienpublic.com\/sport\/2024\/07\/26\/zakaria-fdaouch-j-avais-besoin-de-me-sentir-important\" target=\"_blank\" rel=\"noopener\">puis Dijon (2023-2024)<\/a>. Le 3e\u00a0 essai a \u00e9t\u00e9 le bon pour l\u2019ailier originaire de Mont-de-Marsan, propuls\u00e9 dans l\u2019antichambre de l\u2019\u00e9lite avec Nancy.<\/p>\n<p>\u00ab\u00a0Je pense que j\u2019aurais pu y aller bien plus t\u00f4t, mais c\u2019est comme \u00e7a, aujourd\u2019hui, je suis tr\u00e8s heureux de d\u00e9couvrir ce niveau et je prends beaucoup de plaisir \u00e0 jouer avec Nancy. Il faut que cela continue comme \u00e7a\u00a0\u00bb, d\u00e9clarait le joueur de 28 ans \u00e0 l\u2019issue de la&#8230;<\/p>\n","protected":false},"excerpt":{"rendered":"Il attendait sa chance \u00e0 ce niveau depuis de longues saisons. Longtemps, Zakaria Fdaouch avait tap\u00e9 \u00e0 la&hellip;\n","protected":false},"author":2,"featured_media":428269,"comment_status":"","ping_status":"","sticky":false,"template":"","format":"standard","meta":{"footnotes":""},"categories":[9635],"tags":[1111,11,24879,2930,8587,8588,1777,674,107,63,1011,27,775,1702,12,25,517],"class_list":{"0":"post-428268","1":"post","2":"type-post","3":"status-publish","4":"format-standard","5":"has-post-thumbnail","7":"category-nancy","8":"tag-actu","9":"tag-actualites","10":"tag-dfco-dijon-football-cote-dor","11":"tag-dijon","12":"tag-dijon-ville","13":"tag-edition-dijon-et-son-agglomeration","14":"tag-eu","15":"tag-europe","16":"tag-fil-info","17":"tag-football","18":"tag-fr","19":"tag-france","20":"tag-grand-est","21":"tag-nancy","22":"tag-news","23":"tag-republique-francaise","24":"tag-sport"},"share_on_mastodon":{"url":"https:\/\/pubeurope.com\/@fr\/115292543683291799","error":""},"_links":{"self":[{"href":"https:\/\/www.europesays.com\/fr\/wp-json\/wp\/v2\/posts\/428268","targetHints":{"allow":["GET"]}}],"collection":[{"href":"https:\/\/www.europesays.com\/fr\/wp-json\/wp\/v2\/posts"}],"about":[{"href":"https:\/\/www.europesays.com\/fr\/wp-json\/wp\/v2\/types\/post"}],"author":[{"embeddable":true,"href":"https:\/\/www.europesays.com\/fr\/wp-json\/wp\/v2\/users\/2"}],"replies":[{"embeddable":true,"href":"https:\/\/www.europesays.com\/fr\/wp-json\/wp\/v2\/comments?post=428268"}],"version-history":[{"count":0,"href":"https:\/\/www.europesays.com\/fr\/wp-json\/wp\/v2\/posts\/428268\/revisions"}],"wp:featuredmedia":[{"embeddable":true,"href":"https:\/\/www.europesays.com\/fr\/wp-json\/wp\/v2\/media\/428269"}],"wp:attachment":[{"href":"https:\/\/www.europesays.com\/fr\/wp-json\/wp\/v2\/media?parent=428268"}],"wp:term":[{"taxonomy":"category","embeddable":true,"href":"https:\/\/www.europesays.com\/fr\/wp-json\/wp\/v2\/categories?post=428268"},{"taxonomy":"post_tag","embeddable":true,"href":"https:\/\/www.europesays.com\/fr\/wp-json\/wp\/v2\/tags?post=428268"}],"curies":[{"name":"wp","href":"https:\/\/api.w.org\/{rel}","templated":true}]}}