{"id":428270,"date":"2025-09-30T09:29:12","date_gmt":"2025-09-30T09:29:12","guid":{"rendered":"https:\/\/www.europesays.com\/fr\/428270\/"},"modified":"2025-09-30T09:29:12","modified_gmt":"2025-09-30T09:29:12","slug":"a-six-fours-les-plages-ouverture-du-pole-petite-enfance","status":"publish","type":"post","link":"https:\/\/www.europesays.com\/fr\/428270\/","title":{"rendered":"\u00c0 Six-Fours-les-Plages, ouverture du P\u00f4le Petite Enfance"},"content":{"rendered":"<p>                    <img loading=\"lazy\" decoding=\"async\" src=\"https:\/\/www.europesays.com\/fr\/wp-content\/uploads\/2025\/09\/1da28d7db5f61c43c0987409f47142.jpg\" class=\"img-responsive post-image\" width=\"680\" height=\"510\" alt=\"\u00c0 Six-Fours-les-Plages,\" title=\"\u00c0 Six-Fours-les-Plages, ouverture du P\u00f4le Petite Enfance\"\/><\/p>\n<p class=\"chapo\">Le P\u00f4le Petite Enfance accueille les enfants d\u00e9but septembre dans ses nouveaux locaux.<\/p>\n<p>Avec des espaces adapt\u00e9s pour les tout-petits, l\u2019\u00e9tablissement offre un environnement propice au d\u00e9veloppement, \u00e0 l\u2019\u00e9veil et \u00e0 la socialisation des moins de trois ans qui \u00e9voluent dans un cadre s\u00e9curis\u00e9 et convivial. Ce nouveau p\u00f4le, moderne et accueillant, a \u00e9t\u00e9 con\u00e7u pour r\u00e9pondre aux besoins sp\u00e9cifiques des jeunes enfants, favorisant leur autonomie et leur curiosit\u00e9.<\/p>\n<p>2 structures dans un m\u00eame p\u00f4le<\/p>\n<p>Une partie des locaux accueille d\u00e9sormais l\u2019\u00e9quipe municipale et les enfants de \u00ab\u00a0La P\u2019tite r\u00e9cr\u00e9\u00a0\u00bb dont l\u2019ancien emplacement des \u00ab\u00a0Roches Brunes\u00a0\u00bb n\u2019\u00e9tait plus adapt\u00e9. L\u2019autre partie quant \u00e0 elle est r\u00e9serv\u00e9e \u00e0 la cr\u00e8che associative \u00ab\u00a0Gros c\u00e2lin\u00a0\u00bb qui rencontrait des difficult\u00e9s d\u2019espace dans la maison qu\u2019elle occupait. La municipalit\u00e9 a d\u00e9cid\u00e9 de soutenir cette structure en lui proposant cette solution d\u2019am\u00e9nagement.<br class=\"autobr\"\/><br \/>\nCe nouveau lieu repr\u00e9sente une \u00e9tape importante dans la politique de soutien \u00e0 la petite enfance men\u00e9e par la commune, renfor\u00e7ant son engagement \u00e0 offrir un accueil de qualit\u00e9 aux familles et \u00e0 favoriser le bien-\u00eatre des jeunes six-fournais.<\/p>\n","protected":false},"excerpt":{"rendered":"Le P\u00f4le Petite Enfance accueille les enfants d\u00e9but septembre dans ses nouveaux locaux. Avec des espaces adapt\u00e9s pour&hellip;\n","protected":false},"author":2,"featured_media":428271,"comment_status":"","ping_status":"","sticky":false,"template":"","format":"standard","meta":{"footnotes":""},"categories":[9619],"tags":[1111,11,2408,1777,674,1011,27,12,882,25,2310],"class_list":{"0":"post-428270","1":"post","2":"type-post","3":"status-publish","4":"format-standard","5":"has-post-thumbnail","7":"category-toulon","8":"tag-actu","9":"tag-actualites","10":"tag-appels-d","11":"tag-eu","12":"tag-europe","13":"tag-fr","14":"tag-france","15":"tag-news","16":"tag-provence-alpes-cote-dazur","17":"tag-republique-francaise","18":"tag-toulon"},"share_on_mastodon":{"url":"https:\/\/pubeurope.com\/@fr\/115292548210575004","error":""},"_links":{"self":[{"href":"https:\/\/www.europesays.com\/fr\/wp-json\/wp\/v2\/posts\/428270","targetHints":{"allow":["GET"]}}],"collection":[{"href":"https:\/\/www.europesays.com\/fr\/wp-json\/wp\/v2\/posts"}],"about":[{"href":"https:\/\/www.europesays.com\/fr\/wp-json\/wp\/v2\/types\/post"}],"author":[{"embeddable":true,"href":"https:\/\/www.europesays.com\/fr\/wp-json\/wp\/v2\/users\/2"}],"replies":[{"embeddable":true,"href":"https:\/\/www.europesays.com\/fr\/wp-json\/wp\/v2\/comments?post=428270"}],"version-history":[{"count":0,"href":"https:\/\/www.europesays.com\/fr\/wp-json\/wp\/v2\/posts\/428270\/revisions"}],"wp:featuredmedia":[{"embeddable":true,"href":"https:\/\/www.europesays.com\/fr\/wp-json\/wp\/v2\/media\/428271"}],"wp:attachment":[{"href":"https:\/\/www.europesays.com\/fr\/wp-json\/wp\/v2\/media?parent=428270"}],"wp:term":[{"taxonomy":"category","embeddable":true,"href":"https:\/\/www.europesays.com\/fr\/wp-json\/wp\/v2\/categories?post=428270"},{"taxonomy":"post_tag","embeddable":true,"href":"https:\/\/www.europesays.com\/fr\/wp-json\/wp\/v2\/tags?post=428270"}],"curies":[{"name":"wp","href":"https:\/\/api.w.org\/{rel}","templated":true}]}}