{"id":428272,"date":"2025-09-30T09:30:18","date_gmt":"2025-09-30T09:30:18","guid":{"rendered":"https:\/\/www.europesays.com\/fr\/428272\/"},"modified":"2025-09-30T09:30:18","modified_gmt":"2025-09-30T09:30:18","slug":"rc-toulon-des-nouvelles-rassurantes-pour-gael-drean-apres-sa-sortie-sur-civiere-a-bayonne","status":"publish","type":"post","link":"https:\/\/www.europesays.com\/fr\/428272\/","title":{"rendered":"RC Toulon. Des nouvelles rassurantes pour Ga\u00ebl Dr\u00e9an apr\u00e8s sa sortie sur civi\u00e8re \u00e0 Bayonne ."},"content":{"rendered":"<p><strong>\u00ab\u00a0Plus de peur que de mal\u00a0\u00bb<\/strong>\u00a0: c\u2019est par ces mots sur les r\u00e9seaux sociaux que le RC Toulon a donn\u00e9 des nouvelles rassurantes de Ga\u00ebl Dr\u00e9an, son ailier. <a href=\"https:\/\/www.ouest-france.fr\/sport\/rugby\/top-14\/direct-bayonne-toulon-suivez-le-match-de-la-4e-journee-de-top-14-en-live-8d3f194d-c721-4ac8-ba4c-1db4374f4640\" target=\"_self\" rel=\"noopener\">Lors de la d\u00e9faite du club varois, ce dimanche en cl\u00f4ture de la 4e journ\u00e9e de Top 14 \u00e0 Bayonne<\/a>, le Lorientais pass\u00e9 par le\u00a0Rugby Ovalie Lorient, Plouzan\u00e9 AC et le Rennes EC, s\u2019est offert une belle frayeur apr\u00e8s un choc a\u00e9rien avec\u00a0Cheikh Tiberghien.<\/p>\n<p>Dr\u00e9an (24\u00a0ans) a lourdement heurt\u00e9 le sol avec l\u2019\u00e9paule puis sa t\u00eate.\u00a0Pris en charge imm\u00e9diatement par les soigneurs toulonnais, l\u2019ailier a quitt\u00e9 la pelouse sur civi\u00e8re et sous assistance respiratoire.<\/p>\n<p>Commotion et des contusions \u00e0 l\u2019\u00e9paule<\/p>\n<p>Ce lundi, son club a publi\u00e9 un message sur ses r\u00e9seaux sociaux pour donner de ses nouvelles\u00a0: <strong>\u00ab\u00a0Sorti sur civi\u00e8re hier soir, Ga\u00ebl Dr\u00e9an suit d\u00e8s aujourd\u2019hui le protocole commotion classique.\u00a0\u00bb<\/strong> Selon les informations du  <a href=\"https:\/\/www.rugbyrama.fr\/2025\/09\/29\/top-14-plus-de-peur-que-de-mal-drean-va-bien-mais-il-est-dores-et-deja-forfait-pour-pau-12960505.php\" target=\"_self\" rel=\"noopener\">Midi Olympique<\/a> , le Toulonnais souffrirait d\u2019une commotion et de quelques contusions au niveau de son \u00e9paule droite.<\/p>\n<\/p>\n<p><strong>Voir aussi\u00a0: <\/strong> <a href=\"https:\/\/toulon.maville.com\/sport\/detail_-video.-le-drop-de-segonds-qui-offre-la-victoire-a-bayonne-sur-le-gong-contre-toulon-en-top-14-_53046-6997359_actu.Htm\" target=\"_self\" rel=\"noopener\">VID\u00c9O. Le drop de Segonds qui offre la victoire \u00e0 Bayonne sur le gong contre Toulon en Top 14<\/a><\/p>\n<p>Toujours selon le m\u00e9dia sp\u00e9cialis\u00e9, <strong>\u00ab\u00a0il ne pourra pas reprendre l\u2019entra\u00eenement, avec contact, avant 12\u00a0jours et\u00a0aura \u00e9galement des visites \u00e0 r\u00e9aliser aupr\u00e8s de professionnels de sant\u00e9 pour suivre au mieux les r\u00e9percussions de sa commotion.\u00a0\u00bb<\/strong><\/p>\n<p>\u00a0<\/p>\n","protected":false},"excerpt":{"rendered":"\u00ab\u00a0Plus de peur que de mal\u00a0\u00bb\u00a0: c\u2019est par ces mots sur les r\u00e9seaux sociaux que le RC Toulon&hellip;\n","protected":false},"author":2,"featured_media":428273,"comment_status":"","ping_status":"","sticky":false,"template":"","format":"standard","meta":{"footnotes":""},"categories":[9619],"tags":[1111,11,3809,1465,1777,674,63,1011,27,1792,1922,2047,12,882,25,479,517,2310,1470],"class_list":{"0":"post-428272","1":"post","2":"type-post","3":"status-publish","4":"format-standard","5":"has-post-thumbnail","7":"category-toulon","8":"tag-actu","9":"tag-actualites","10":"tag-ball","11":"tag-basket","12":"tag-eu","13":"tag-europe","14":"tag-football","15":"tag-fr","16":"tag-france","17":"tag-handball","18":"tag-info","19":"tag-mans","20":"tag-news","21":"tag-provence-alpes-cote-dazur","22":"tag-republique-francaise","23":"tag-rugby","24":"tag-sport","25":"tag-toulon","26":"tag-volley"},"share_on_mastodon":{"url":"https:\/\/pubeurope.com\/@fr\/115292551503586298","error":""},"_links":{"self":[{"href":"https:\/\/www.europesays.com\/fr\/wp-json\/wp\/v2\/posts\/428272","targetHints":{"allow":["GET"]}}],"collection":[{"href":"https:\/\/www.europesays.com\/fr\/wp-json\/wp\/v2\/posts"}],"about":[{"href":"https:\/\/www.europesays.com\/fr\/wp-json\/wp\/v2\/types\/post"}],"author":[{"embeddable":true,"href":"https:\/\/www.europesays.com\/fr\/wp-json\/wp\/v2\/users\/2"}],"replies":[{"embeddable":true,"href":"https:\/\/www.europesays.com\/fr\/wp-json\/wp\/v2\/comments?post=428272"}],"version-history":[{"count":0,"href":"https:\/\/www.europesays.com\/fr\/wp-json\/wp\/v2\/posts\/428272\/revisions"}],"wp:featuredmedia":[{"embeddable":true,"href":"https:\/\/www.europesays.com\/fr\/wp-json\/wp\/v2\/media\/428273"}],"wp:attachment":[{"href":"https:\/\/www.europesays.com\/fr\/wp-json\/wp\/v2\/media?parent=428272"}],"wp:term":[{"taxonomy":"category","embeddable":true,"href":"https:\/\/www.europesays.com\/fr\/wp-json\/wp\/v2\/categories?post=428272"},{"taxonomy":"post_tag","embeddable":true,"href":"https:\/\/www.europesays.com\/fr\/wp-json\/wp\/v2\/tags?post=428272"}],"curies":[{"name":"wp","href":"https:\/\/api.w.org\/{rel}","templated":true}]}}