{"id":428278,"date":"2025-09-30T09:33:15","date_gmt":"2025-09-30T09:33:15","guid":{"rendered":"https:\/\/www.europesays.com\/fr\/428278\/"},"modified":"2025-09-30T09:33:15","modified_gmt":"2025-09-30T09:33:15","slug":"lart-pour-exprimer-ses-souffrances","status":"publish","type":"post","link":"https:\/\/www.europesays.com\/fr\/428278\/","title":{"rendered":"l&rsquo;art pour exprimer ses souffrances"},"content":{"rendered":"\n<p>L&rsquo;association \u00ab\u00a0Panser ses Maux\u00a0\u00bb propose depuis quelques mois des ateliers \u00e0 destination des victimes de violences sexistes, sexuelles et de genre, pour leur offrir un espace d&rsquo;expression suppl\u00e9mentaire o\u00f9 l&rsquo;art fait office d&rsquo;interm\u00e9diaire entre les souffrances et la parole. <strong>\u00ab\u00a0On s&rsquo;est rendu compte que ce n&rsquo;\u00e9tait pas toujours \u00e9vident de pouvoir s&rsquo;exprimer sur ces sujets-l\u00e0, <\/strong><strong>et on voulait offrir un espace d&rsquo;expression in\u00e9dit<\/strong>. Et on a compris que l&rsquo;art pouvait \u00eatre un bon moyen d&rsquo;expression, o\u00f9 on n&rsquo;\u00e9tait pas oblig\u00e9 de parler de nos traumatismes, et de s&rsquo;exprimer \u00e0 travers par exemple, l&rsquo;\u00e9criture ou la peinture\u00a0\u00bb explique Johanna Burette, cofondatrice de l&rsquo;association, elle-m\u00eame victime de violences il y a quelques ann\u00e9es.<\/p>\n<p>Des rencontres enrichissantes<\/p>\n<p>Apr\u00e8s avoir communiqu\u00e9 sur les r\u00e9seaux sociaux, les deux fondatrices de \u00ab\u00a0Panser ses Maux\u00a0\u00bb s&rsquo;attendaient \u00e0 toucher des personnes \u00e2g\u00e9es de 18 \u00e0 35 ans. Mais \u00e0 leur grande surprise, la tranche d&rsquo;\u00e2ge s&rsquo;est r\u00e9v\u00e9l\u00e9e bien plus large : \u00ab\u00a0Notre premier atelier a \u00e9t\u00e9 tr\u00e8s surprenant parce qu&rsquo;on avait vraiment des personnes de 20 \u00e0 65 ans. Et du coup, <strong>\u00e7a a \u00e9t\u00e9 tr\u00e8s enrichissant aussi parce qu&rsquo;on n&rsquo;a pas tous la m\u00eame vision. On n&rsquo;est pas tous au m\u00eame stade de gu\u00e9rison <\/strong><strong>ou de reconstruction<\/strong>\u00a0\u00bb ajoute la jeune femme.<\/p>\n<p> Ne pas se sentir seul<\/p>\n<p>Une \u00e9coute, aucun jugement et des membres de l&rsquo;association qui s&rsquo;investissent dans les ateliers organis\u00e9s. Des liens se sont cr\u00e9\u00e9s entre les participantes -exclusivement f\u00e9minines pour le moment- qui reviennent. <strong>\u00ab\u00a0Les retours qu&rsquo;on a, c&rsquo;est que \u00e7a fait du bien de ne pas se sentir seul. Souvent, quand on vit ce genre de violence, on a l&rsquo;impression qu&rsquo;on est seul au monde et qu&rsquo;il n&rsquo;y a personne autour de nous qui peut comprendre ce qu&rsquo;on ressent<\/strong><strong>\u00ab\u00a0<\/strong> souligne Johanna Burette. L&rsquo;association, ouverte \u00e0 toutes et \u00e0 tous, souhaite maintenir la gratuit\u00e9 de ses actions et est \u00e9galement \u00e0 la recherche de nouveaux partenaires, dans l&rsquo;optique d&rsquo;organiser des ateliers de danse et de th\u00e9\u00e2tre. Des b\u00e9n\u00e9voles sont \u00e9galement les bienvenus pour s&rsquo;investir dans cette aventure.<\/p>\n","protected":false},"excerpt":{"rendered":"L&rsquo;association \u00ab\u00a0Panser ses Maux\u00a0\u00bb propose depuis quelques mois des ateliers \u00e0 destination des victimes de violences sexistes, sexuelles&hellip;\n","protected":false},"author":2,"featured_media":428279,"comment_status":"","ping_status":"","sticky":false,"template":"","format":"standard","meta":{"footnotes":""},"categories":[9587],"tags":[1111,11,55700,55703,55699,55701,1777,674,1011,27,22461,55702,12,5161,55697,25,9590,304,55698],"class_list":{"0":"post-428278","1":"post","2":"type-post","3":"status-publish","4":"format-standard","5":"has-post-thumbnail","7":"category-rouen","8":"tag-actu","9":"tag-actualites","10":"tag-aide-violences-sexuelles-rouen","11":"tag-association-panser-ses-maux","12":"tag-associations-rouen","13":"tag-ateliers-expression-rouen","14":"tag-eu","15":"tag-europe","16":"tag-fr","17":"tag-france","18":"tag-infos-rouen","19":"tag-johanna-burette","20":"tag-news","21":"tag-normandie","22":"tag-panser-ses-maux","23":"tag-republique-francaise","24":"tag-rouen","25":"tag-violences-sexistes-et-sexuelles","26":"tag-violences-sexuelles-association"},"share_on_mastodon":{"url":"https:\/\/pubeurope.com\/@fr\/115292563223899765","error":""},"_links":{"self":[{"href":"https:\/\/www.europesays.com\/fr\/wp-json\/wp\/v2\/posts\/428278","targetHints":{"allow":["GET"]}}],"collection":[{"href":"https:\/\/www.europesays.com\/fr\/wp-json\/wp\/v2\/posts"}],"about":[{"href":"https:\/\/www.europesays.com\/fr\/wp-json\/wp\/v2\/types\/post"}],"author":[{"embeddable":true,"href":"https:\/\/www.europesays.com\/fr\/wp-json\/wp\/v2\/users\/2"}],"replies":[{"embeddable":true,"href":"https:\/\/www.europesays.com\/fr\/wp-json\/wp\/v2\/comments?post=428278"}],"version-history":[{"count":0,"href":"https:\/\/www.europesays.com\/fr\/wp-json\/wp\/v2\/posts\/428278\/revisions"}],"wp:featuredmedia":[{"embeddable":true,"href":"https:\/\/www.europesays.com\/fr\/wp-json\/wp\/v2\/media\/428279"}],"wp:attachment":[{"href":"https:\/\/www.europesays.com\/fr\/wp-json\/wp\/v2\/media?parent=428278"}],"wp:term":[{"taxonomy":"category","embeddable":true,"href":"https:\/\/www.europesays.com\/fr\/wp-json\/wp\/v2\/categories?post=428278"},{"taxonomy":"post_tag","embeddable":true,"href":"https:\/\/www.europesays.com\/fr\/wp-json\/wp\/v2\/tags?post=428278"}],"curies":[{"name":"wp","href":"https:\/\/api.w.org\/{rel}","templated":true}]}}