{"id":428298,"date":"2025-09-30T09:45:18","date_gmt":"2025-09-30T09:45:18","guid":{"rendered":"https:\/\/www.europesays.com\/fr\/428298\/"},"modified":"2025-09-30T09:45:18","modified_gmt":"2025-09-30T09:45:18","slug":"1-grande-fete-gratuite-avec-les-vignerons-bordelais-a-tourny","status":"publish","type":"post","link":"https:\/\/www.europesays.com\/fr\/428298\/","title":{"rendered":"1 Grande f\u00eate gratuite avec les vignerons Bordelais \u00e0 tourny"},"content":{"rendered":"\n<p><strong>Article sponsoris\u00e9 par : Les Vignerons ind\u00e9pendants de Nouvelle Aquitaine<br \/>L\u2019abus d\u2019alcool est dangereux pour la sant\u00e9, \u00e0 consommer avec mod\u00e9ration.<\/strong><\/p>\n<p>Tu crois conna\u00eetre le vin parce que tu vis \u00e0 Bordeaux ? Attends un peu de voir ce que t\u2019ont pr\u00e9par\u00e9 les vignerons ind\u00e9pendants de chez nous. Du 3 au 5 octobre, ils investissent les <strong>All\u00e9es de Tourny<\/strong> pour la toute premi\u00e8re <strong>F\u00eate des Vignerons Ind\u00e9pendants<\/strong>. Et oublie tout ce que tu crois savoir : ici, pas de snobisme, pas de grandes le\u00e7ons d\u2019\u0153nologie, juste <strong>des rencontres, du partage, du bon son et de quoi te r\u00e9galer<\/strong>.<\/p>\n<p>Tu fl\u00e2nes, tu go\u00fbtes, tu discutes avec celles et ceux qui font le vin local, <strong>vraiment<\/strong>. Le tout dans une ambiance de f\u00eate, avec de la bonne bouffe, des concerts, et l\u2019envie de (re)d\u00e9couvrir Bordeaux autrement.<\/p>\n<p>Et le mieux dans tout \u00e7a ? C\u2019est <strong>gratuit<\/strong>, en plein centre-ville, et c\u2019est pour <strong>toi<\/strong>, Bordelais.<\/p>\n<p> <img fetchpriority=\"high\" width=\"700\" height=\"394\" alt=\"vin bordeaux vignerons tourny\" title=\"Une F\u00eate gratuite avec bons vins et food-trucks : les Vignerons Ind\u00e9pendants s\u2019installent aux all\u00e9es de Tourny 1\"  nitro-lazy- nitro-lazy-src=\"https:\/\/cdn-ilbobfj.nitrocdn.com\/LLQyioEDmPooSUeshdcABKPnDEWJyTwh\/assets\/images\/optimized\/rev-fefab80\/quoifaireabordeaux.com\/wp-content\/uploads\/2025\/09\/place-tourny-bordeaux-min.jpeg\" class=\"wp-image-18812894 nitro-lazy\" decoding=\"async\" nitro-lazy-empty=\"\" id=\"NDkzOjc0MQ==-1\" src=\"data:image\/svg+xml;nitro-empty-id=NDkzOjc0MQ==-1;base64,PHN2ZyB2aWV3Qm94PSIwIDAgNzAwIDM5NCIgd2lkdGg9IjcwMCIgaGVpZ2h0PSIzOTQiIHhtbG5zPSJodHRwOi8vd3d3LnczLm9yZy8yMDAwL3N2ZyI+PC9zdmc+\"\/> \u00a9\ufe0fLe Map Bordeaux  <a href=\"https:\/\/emojipedia.org\/copyright\" target=\"_blank\" rel=\"noopener nofollow\"> <a href=\"https:\/\/emojipedia.org\/copyright\" target=\"_blank\" rel=\"noopener nofollow\">Une premi\u00e8re \u00e9dition qui met les petits verres dans les grands<br \/> <img loading=\"lazy\" width=\"1024\" height=\"389\" alt=\"vin bordeaux vignerons tourny\" style=\"width:629px;height:auto;\" title=\"Une F\u00eate gratuite avec bons vins et food-trucks : les Vignerons Ind\u00e9pendants s\u2019installent aux all\u00e9es de Tourny 2\"  nitro-lazy- nitro-lazy-src=\"https:\/\/cdn-ilbobfj.nitrocdn.com\/LLQyioEDmPooSUeshdcABKPnDEWJyTwh\/assets\/images\/optimized\/rev-fefab80\/quoifaireabordeaux.com\/wp-content\/uploads\/2025\/09\/Couverture-evenement-1024x389.jpg\" class=\"wp-image-18812883 nitro-lazy\" decoding=\"async\" nitro-lazy-empty=\"\" id=\"NTEzOjEwNDg=-1\" src=\"data:image\/svg+xml;nitro-empty-id=NTEzOjEwNDg=-1;base64,PHN2ZyB2aWV3Qm94PSIwIDAgMTAyNCAzODkiIHdpZHRoPSIxMDI0IiBoZWlnaHQ9IjM4OSIgeG1sbnM9Imh0dHA6Ly93d3cudzMub3JnLzIwMDAvc3ZnIj48L3N2Zz4=\"\/> <\/p>\n<p>Organis\u00e9e par la <strong>F\u00e9d\u00e9ration des Vignerons Ind\u00e9pendants de Gironde<\/strong>, cette f\u00eate a une ambition claire : reconnecter les Bordelais avec <strong>ceux qui font le vin<\/strong>, ici, dans notre r\u00e9gion. Pendant trois jours, <strong>une quarantaine de vignerons ind\u00e9pendants<\/strong> vont venir \u00e0 ta rencontre pour partager leur passion, leurs cuv\u00e9es et leurs histoires.<\/p>\n<p>Un \u00e9v\u00e9nement \u00e0 taille humaine, loin des salons impersonnels, o\u00f9 chaque stand est une invitation \u00e0 discuter, \u00e0 d\u00e9couvrir, \u00e0 d\u00e9guster <strong>toujours avec mod\u00e9ration<\/strong>, bien s\u00fbr.<\/p>\n<p> D\u00e9gustation, producteurs et d\u00e9couvertes : vive le vin\u2026 sans prise de t\u00eate <img loading=\"lazy\" width=\"472\" height=\"591\" alt=\"vin bordeaux vignerons tourny\" title=\"Une F\u00eate gratuite avec bons vins et food-trucks : les Vignerons Ind\u00e9pendants s\u2019installent aux all\u00e9es de Tourny 3\"  nitro-lazy- nitro-lazy-src=\"https:\/\/cdn-ilbobfj.nitrocdn.com\/LLQyioEDmPooSUeshdcABKPnDEWJyTwh\/assets\/images\/optimized\/rev-fefab80\/quoifaireabordeaux.com\/wp-content\/uploads\/2025\/09\/Vignerons.jpg\" class=\"wp-image-18812882 nitro-lazy\" decoding=\"async\" nitro-lazy-empty=\"\" id=\"NTI5OjU2Ng==-1\" src=\"data:image\/svg+xml;nitro-empty-id=NTI5OjU2Ng==-1;base64,PHN2ZyB2aWV3Qm94PSIwIDAgNDcyIDU5MSIgd2lkdGg9IjQ3MiIgaGVpZ2h0PSI1OTEiIHhtbG5zPSJodHRwOi8vd3d3LnczLm9yZy8yMDAwL3N2ZyI+PC9zdmc+\"\/> <\/p>\n<p>Loin des clich\u00e9s du \u201csalon du vin guind\u00e9\u201d, la F\u00eate des Vignerons Ind\u00e9pendants mise sur la <strong>simplicit\u00e9 et la convivialit\u00e9<\/strong>. Ici, pas besoin d\u2019avoir fait un master en \u0153nologie : tu peux venir les mains dans les poches, curieux, sans complexe.<\/p>\n<p>Les vignerons pr\u00e9sents viennent des quatre coins de la Gironde. Ils produisent leurs vins <strong>de la vigne \u00e0 la bouteille<\/strong>, en toute ind\u00e9pendance. Tu pourras :<\/p>\n<ul class=\"wp-block-list\">\n<li>Go\u00fbter des vins <strong>au verre<\/strong>, \u00e0 la <strong>bouteille<\/strong>, ou m\u00eame <strong>au carton<\/strong> si tu veux faire des stocks,<\/li>\n<li>D\u00e9couvrir des appellations ou des domaines que tu ne connaissais pas (oui, m\u00eame toi),<\/li>\n<li>Poser toutes tes questions directement \u00e0 ceux qui font le vin \u2013 avec passion et souvent beaucoup d\u2019humour.<\/li>\n<\/ul>\n<p> Bordeaux dans l\u2019assiette : food-trucks, produits locaux et plaisir total <\/p>\n<p>Et comme on ne vit pas que d\u2019amour et de vin frais, la F\u00eate a aussi pr\u00e9vu de <strong>bien te nourrir<\/strong>. Sur place, tu trouveras une belle s\u00e9lection de <strong>stands gastronomiques<\/strong> et de <strong>food-trucks locaux<\/strong> pour accompagner tes d\u00e9couvertes viticoles.<\/p>\n<p>Au menu :<\/p>\n<ul class=\"wp-block-list\">\n<li><strong>Blancs Becs<\/strong> pour les amateurs de viande bien travaill\u00e9e<\/li>\n<li><strong>Foie Gras Regaud<\/strong>, la tradition du Sud-Ouest comme on l\u2019aime<\/li>\n<li><strong>Hu\u00eetres Papin Jacob<\/strong>, en direct d\u2019Ol\u00e9ron<\/li>\n<li><strong>Guss Gourmand<\/strong>, pour les papilles curieuses<\/li>\n<li><strong>La Marmite Traiteur<\/strong>, entre valeurs locales et cuisine g\u00e9n\u00e9reuse<\/li>\n<\/ul>\n<p>Id\u00e9al pour une pause entre deux stands ou pour refaire le monde autour d\u2019un bon plat et d\u2019un verre.<\/p>\n<p>  Une ambiance festive, musicale et accessible \u00e0 tous \ud83c\udfb6 <img loading=\"lazy\" width=\"667\" height=\"1000\" alt=\"vin bordeaux vignerons tourny\" style=\"width:400px;\" title=\"Une F\u00eate gratuite avec bons vins et food-trucks : les Vignerons Ind\u00e9pendants s\u2019installent aux all\u00e9es de Tourny 4\"  nitro-lazy- nitro-lazy-src=\"https:\/\/cdn-ilbobfj.nitrocdn.com\/LLQyioEDmPooSUeshdcABKPnDEWJyTwh\/assets\/images\/optimized\/rev-fefab80\/quoifaireabordeaux.com\/wp-content\/uploads\/2025\/09\/concert-400x.jpg\" class=\"wp-image-18812885 nitro-lazy\" decoding=\"async\" nitro-lazy-empty=\"\" id=\"NjAxOjYwNw==-1\" src=\"data:image\/svg+xml;nitro-empty-id=NjAxOjYwNw==-1;base64,PHN2ZyB2aWV3Qm94PSIwIDAgNjY3IDEwMDAiIHdpZHRoPSI2NjciIGhlaWdodD0iMTAwMCIgeG1sbnM9Imh0dHA6Ly93d3cudzMub3JnLzIwMDAvc3ZnIj48L3N2Zz4=\"\/> <\/p>\n<p>La F\u00eate des Vignerons Ind\u00e9pendants, ce n\u2019est pas juste une d\u00e9gustation \u00e0 l\u2019ancienne : c\u2019est <strong>un vrai moment de vie en plein air<\/strong>, au son des concerts et DJ sets programm\u00e9s tout au long du week-end.<\/p>\n<p>C\u00f4t\u00e9 son, attends-toi \u00e0 du <strong>groove, de l\u2019\u00e9lectro douce, du live<\/strong>, bref, une ambiance chill mais bien rythm\u00e9e :<\/p>\n<ul class=\"wp-block-list\">\n<li><strong>L\u2019Orangeade DJs<\/strong><\/li>\n<li><strong>3615bebop<\/strong><\/li>\n<li><strong>Marge<\/strong><\/li>\n<li><strong>L\u00e9o<\/strong><\/li>\n<li><strong>Emmafleurs<\/strong><\/li>\n<li>Et bien d\u2019autres surprises musicales \u00e0 venir\u2026<\/li>\n<\/ul>\n<p>Et bonne nouvelle : <strong>l\u2019\u00e9v\u00e9nement est pens\u00e9 pour tous les publics<\/strong>. Tu peux venir en famille, avec les enfants, entre amis ou m\u00eame en solo pour faire de belles rencontres. Pas besoin d\u2019\u00eatre connaisseur pour profiter de l\u2019ambiance !<\/p>\n<p> Infos pratiques : ce qu\u2019il faut savoir avant de venir <\/p>\n<p>\ud83d\udccd <strong>Lieu<\/strong> : All\u00e9es de Tourny, 33000 Bordeaux<br \/>\ud83d\udcc6 <strong>Dates &amp; horaires<\/strong> :<\/p>\n<ul class=\"wp-block-list\">\n<li><strong>Vendredi 3 octobre<\/strong> : 10h \u2192 23h<\/li>\n<li><strong>Samedi 4 octobre<\/strong> : 10h \u2192 23h<\/li>\n<li><strong>Dimanche 5 octobre<\/strong> : 10h \u2192 17h<\/li>\n<\/ul>\n<p>\ud83c\udf9f\ufe0f <strong>Entr\u00e9e libre et gratuite<\/strong><br \/>\ud83c\udf77 D\u00e9gustations payantes (verre fourni sur place)<br \/>\ud83e\uddd1\u200d\ud83e\udd1d\u200d\ud83e\uddd1 Ambiance ouverte \u00e0 tous, m\u00eame \u00e0 ceux qui ne boivent pas<\/p>\n<p>Que tu viennes pour le vin, la musique, la street-food ou juste pour fl\u00e2ner en ville, tu es le bienvenu. Et si tu ne bois pas d\u2019alcool ? Aucun souci : tu profites quand m\u00eame de l\u2019ambiance et de la gastronomie locale.<\/p>\n<p><a href=\"https:\/\/bordeauxvisite.com\/2025\/09\/28\/fete-des-vignerons-independants-a-bordeaux-3-au-5-octobre-2025\/#:~:text=Du%20vendredi%203%20au%20dimanche,au%20c%C5%93ur%20du%20centre%2Dville.\" data-type=\"link\" data-id=\"https:\/\/bordeauxvisite.com\/2025\/09\/28\/fete-des-vignerons-independants-a-bordeaux-3-au-5-octobre-2025\/#:~:text=Du%20vendredi%203%20au%20dimanche,au%20c%C5%93ur%20du%20centre%2Dville.\" target=\"_blank\" rel=\"noopener nofollow\">Plus d\u2019infos<\/a><\/p>\n<p> Pourquoi il ne faut pas manquer cette f\u00eate (m\u00eame quand tu es Bordelais) <\/p>\n<p>T\u2019es Bordelais, t\u2019as peut-\u00eatre l\u2019impression que tu connais d\u00e9j\u00e0 tout du vin. Mais cette f\u00eate, c\u2019est <strong>pas une \u00e9ni\u00e8me d\u00e9gustation<\/strong>. C\u2019est :<\/p>\n<ol class=\"wp-block-list\">\n<li>Une occasion rare de <strong>rencontrer les producteurs locaux en direct<\/strong>, en plein centre-ville.<\/li>\n<li>Une vraie <strong>ambiance de village<\/strong>, au c\u0153ur de Bordeaux.<\/li>\n<li>Une mani\u00e8re simple, cool et gourmande de <strong>soutenir les vignerons ind\u00e9pendants<\/strong> de notre r\u00e9gion.<\/li>\n<\/ol>\n<p>Alors laisse tes habitudes \u00e0 la maison, et viens d\u00e9couvrir le vin autrement : <strong>dans la rue, dans une ambiance festive, et sans chichi<\/strong>.<\/p>\n<p>\ud83d\udce2 <strong>On se retrouve sur les All\u00e9es de Tourny du 3 au 5 octobre ?<\/strong><br \/>Viens trinquer \u00e0 la d\u00e9couverte, te r\u00e9galer en musique et rencontrer ceux qui font battre le c\u0153ur de notre terroir.<\/p>\n<p> pour plus de lecture, nous vous conseillons notre <a href=\"https:\/\/quoifaireabordeaux.com\/que-faire-a-bordeaux-cette-semaine-29-09\/\" data-type=\"link\" data-id=\"https:\/\/quoifaireabordeaux.com\/que-faire-a-bordeaux-cette-semaine-29-09\/\" rel=\"nofollow noopener\" target=\"_blank\">agenda<\/a> de la semaine.<\/p>\n","protected":false},"excerpt":{"rendered":"Article sponsoris\u00e9 par : Les Vignerons ind\u00e9pendants de Nouvelle AquitaineL\u2019abus d\u2019alcool est dangereux pour la sant\u00e9, \u00e0 consommer&hellip;\n","protected":false},"author":2,"featured_media":428299,"comment_status":"","ping_status":"","sticky":false,"template":"","format":"standard","meta":{"footnotes":""},"categories":[2817],"tags":[1111,11,1997,1777,674,1011,27,12,2219,25],"class_list":{"0":"post-428298","1":"post","2":"type-post","3":"status-publish","4":"format-standard","5":"has-post-thumbnail","7":"category-bordeaux","8":"tag-actu","9":"tag-actualites","10":"tag-bordeaux","11":"tag-eu","12":"tag-europe","13":"tag-fr","14":"tag-france","15":"tag-news","16":"tag-nouvelle-aquitaine","17":"tag-republique-francaise"},"share_on_mastodon":{"url":"https:\/\/pubeurope.com\/@fr\/115292610634226076","error":""},"_links":{"self":[{"href":"https:\/\/www.europesays.com\/fr\/wp-json\/wp\/v2\/posts\/428298","targetHints":{"allow":["GET"]}}],"collection":[{"href":"https:\/\/www.europesays.com\/fr\/wp-json\/wp\/v2\/posts"}],"about":[{"href":"https:\/\/www.europesays.com\/fr\/wp-json\/wp\/v2\/types\/post"}],"author":[{"embeddable":true,"href":"https:\/\/www.europesays.com\/fr\/wp-json\/wp\/v2\/users\/2"}],"replies":[{"embeddable":true,"href":"https:\/\/www.europesays.com\/fr\/wp-json\/wp\/v2\/comments?post=428298"}],"version-history":[{"count":0,"href":"https:\/\/www.europesays.com\/fr\/wp-json\/wp\/v2\/posts\/428298\/revisions"}],"wp:featuredmedia":[{"embeddable":true,"href":"https:\/\/www.europesays.com\/fr\/wp-json\/wp\/v2\/media\/428299"}],"wp:attachment":[{"href":"https:\/\/www.europesays.com\/fr\/wp-json\/wp\/v2\/media?parent=428298"}],"wp:term":[{"taxonomy":"category","embeddable":true,"href":"https:\/\/www.europesays.com\/fr\/wp-json\/wp\/v2\/categories?post=428298"},{"taxonomy":"post_tag","embeddable":true,"href":"https:\/\/www.europesays.com\/fr\/wp-json\/wp\/v2\/tags?post=428298"}],"curies":[{"name":"wp","href":"https:\/\/api.w.org\/{rel}","templated":true}]}}