{"id":428314,"date":"2025-09-30T09:53:21","date_gmt":"2025-09-30T09:53:21","guid":{"rendered":"https:\/\/www.europesays.com\/fr\/428314\/"},"modified":"2025-09-30T09:53:21","modified_gmt":"2025-09-30T09:53:21","slug":"lyon-maier-horlogerie-inaugure-sa-nouvelle-boutique-g-shock","status":"publish","type":"post","link":"https:\/\/www.europesays.com\/fr\/428314\/","title":{"rendered":"Lyon. Maier Horlogerie inaugure sa nouvelle boutique G-Shock &#8211;"},"content":{"rendered":"<p>\t\t\t\t<img fetchpriority=\"high\" decoding=\"async\" width=\"900\" height=\"669\" src=\"https:\/\/www.europesays.com\/fr\/wp-content\/uploads\/2025\/09\/01-G-Shock-lyon-Inauguration.jpeg\" alt=\"\" title=\"01 G Shock lyon Inauguration\"   class=\"wp-image-165032\"\/><\/p>\n<p>Photos \u00a9 Lyon People et DR<\/p>\n<p><strong>Texte\u00a0: Morgan Couturier \u2013<\/strong> En pr\u00e9sence du fondateur historique de la marque, Kikuo Ibe, la maison Maier a inaugur\u00e9 sa nouvelle boutique G-Shock, le 18 septembre dernier. Un \u00e9crin de choix pour l\u2019enseigne du groupe Casio, laquelle a trouv\u00e9 en Lyon, le pied-\u00e0-terre id\u00e9al pour poursuivre son implantation sur le march\u00e9 fran\u00e7ais.<\/p>\n<p>La marque n\u2019est jamais pass\u00e9e inaper\u00e7ue, mais en exposant en grand, l\u2019un de ses mod\u00e8les iconiques, sur un pan de mur de sa nouvelle boutique, rue Gasparin, la voil\u00e0 presque immanquable. Une bonne nouvelle pour les amateurs de belles montres, alors que G-Shock se limitait jusqu\u2019alors \u00e0 Paris et son \u00e9crin du 4eme\u00a0arrondissement.<\/p>\n<p><img loading=\"lazy\" decoding=\"async\" class=\"alignnone size-full wp-image-165033\" src=\"data:image\/svg+xml,%3Csvg%20xmlns=\" http:=\"\" alt=\"\" width=\"900\" height=\"629\" data-lazy- data-lazy- data-lazy-src=\"https:\/\/www.europesays.com\/fr\/wp-content\/uploads\/2025\/09\/03-G-Shock-Kikuo-Ibe.jpg\"\/><\/p>\n<p>\u00ab\u00a0Lyon est la deuxi\u00e8me plus grande ville de France. C\u2019est pour cela que l\u2019on a choisi la ville pour installer notre deuxi\u00e8me boutique sur le sol fran\u00e7ais\u00a0\u00bb, a ainsi pr\u00e9sent\u00e9 le fondateur <strong>Kikuo Ibe<\/strong>, exceptionnellement de passage entre Rh\u00f4ne et Sa\u00f4ne pour inaugurer ce nouveau showroom de 35m2.<\/p>\n<p>Mais alors que la gestion de ce point de vente flambant neuf a \u00e9t\u00e9 allou\u00e9e \u00e0 <strong>Jean-Louis <\/strong>et<strong> Arthur Maier<\/strong>, la marque esp\u00e8re tirer profit de ce nouvel ancrage. Et ce, alors que la client\u00e8le fran\u00e7aise ne cesse de se passionner pour ces montres au design octogonal, r\u00e9put\u00e9es pour leur robustesse et leur affichage de l\u2019heure \u00e0 la seconde pr\u00e8s.<\/p>\n<p><img loading=\"lazy\" decoding=\"async\" class=\"alignnone size-full wp-image-165034\" src=\"data:image\/svg+xml,%3Csvg%20xmlns=\" http:=\"\" alt=\"\" width=\"900\" height=\"600\" data-lazy- data-lazy- data-lazy-src=\"https:\/\/www.europesays.com\/fr\/wp-content\/uploads\/2025\/09\/01-G-Shock-1.jpg\"\/><\/p>\n<p><strong>La France, un gros march\u00e9 pour la marque<\/strong><\/p>\n<p>\u00c9galement tr\u00e8s appr\u00e9ci\u00e9e des sportifs et des nageurs, en raison de sa capacit\u00e9 \u00e0 plonger jusqu\u2019\u00e0 200 m\u00e8tres de profondeur, G-Shock n\u2019a de cesse de s\u00e9duire de plus en plus de connaisseurs. De l\u00e0 \u00e0 concurrencer les grandes enseignes helv\u00e9tiques\u00a0? Pas vraiment \u00e0 en croire le discret dirigeant.<\/p>\n<p><img loading=\"lazy\" decoding=\"async\" class=\"alignnone size-full wp-image-165035\" src=\"data:image\/svg+xml,%3Csvg%20xmlns=\" http:=\"\" alt=\"\" width=\"900\" height=\"633\" data-lazy- data-lazy- data-lazy-src=\"https:\/\/www.europesays.com\/fr\/wp-content\/uploads\/2025\/09\/05-G-Shock.jpg\"\/><\/p>\n<p>\u00ab\u00a0Ce n\u2019est pas mon intention. Les grosses marques suisses ont une importance traditionnelle. Mais G-Shock est une marque magnifique et on veut continuer d\u2019apporter beaucoup d\u2019innovations technologiques\u00a0\u00bb, assure-t-il.<\/p>\n<p>Il n\u2019emp\u00eache, alors que le design \u00e9volue d\u2019ann\u00e9e en ann\u00e9e depuis la cr\u00e9ation de l\u2019enseigne en 1983, la pr\u00e9f\u00e9rence du fondateur revient toujours au mod\u00e8le initial. Soit cette \u00e9ternelle et embl\u00e9matique DW-H5600. Point de MR-G, MT-G ou G-Steel donc. Mais au jeu des go\u00fbts et des couleurs, les G-Shock pourraient vite se multiplier aux poignets des Lyonnais.<\/p>\n<p><img loading=\"lazy\" decoding=\"async\" class=\"alignnone size-full wp-image-165036\" src=\"data:image\/svg+xml,%3Csvg%20xmlns=\" http:=\"\" alt=\"\" width=\"900\" height=\"600\" data-lazy- data-lazy- data-lazy-src=\"https:\/\/www.europesays.com\/fr\/wp-content\/uploads\/2025\/09\/G-Shock-Lyon.jpg\"\/><\/p>\n<p><strong>G-Shock Store Lyon<br \/>6, rue Gasparin \u2013 Lyon 2<br \/>&gt; Plus d\u2019infos sur <\/strong><a href=\"http:\/\/www.maier.fr\" target=\"_blank\" rel=\"noopener\"><strong>www.maier.fr<\/strong><\/a><\/p>\n","protected":false},"excerpt":{"rendered":"Photos \u00a9 Lyon People et DR Texte\u00a0: Morgan Couturier \u2013 En pr\u00e9sence du fondateur historique de la marque,&hellip;\n","protected":false},"author":2,"featured_media":428315,"comment_status":"","ping_status":"","sticky":false,"template":"","format":"standard","meta":{"footnotes":""},"categories":[1889],"tags":[4257,1111,11,2430,1777,674,1011,27,2428,55708,12,25],"class_list":{"0":"post-428314","1":"post","2":"type-post","3":"status-publish","4":"format-standard","5":"has-post-thumbnail","7":"category-lyon","8":"tag-0top","9":"tag-actu","10":"tag-actualites","11":"tag-auvergne-rhone-alpes","12":"tag-eu","13":"tag-europe","14":"tag-fr","15":"tag-france","16":"tag-lyon","17":"tag-maier-horlogerie","18":"tag-news","19":"tag-republique-francaise"},"share_on_mastodon":{"url":"https:\/\/pubeurope.com\/@fr\/115292642594977254","error":""},"_links":{"self":[{"href":"https:\/\/www.europesays.com\/fr\/wp-json\/wp\/v2\/posts\/428314","targetHints":{"allow":["GET"]}}],"collection":[{"href":"https:\/\/www.europesays.com\/fr\/wp-json\/wp\/v2\/posts"}],"about":[{"href":"https:\/\/www.europesays.com\/fr\/wp-json\/wp\/v2\/types\/post"}],"author":[{"embeddable":true,"href":"https:\/\/www.europesays.com\/fr\/wp-json\/wp\/v2\/users\/2"}],"replies":[{"embeddable":true,"href":"https:\/\/www.europesays.com\/fr\/wp-json\/wp\/v2\/comments?post=428314"}],"version-history":[{"count":0,"href":"https:\/\/www.europesays.com\/fr\/wp-json\/wp\/v2\/posts\/428314\/revisions"}],"wp:featuredmedia":[{"embeddable":true,"href":"https:\/\/www.europesays.com\/fr\/wp-json\/wp\/v2\/media\/428315"}],"wp:attachment":[{"href":"https:\/\/www.europesays.com\/fr\/wp-json\/wp\/v2\/media?parent=428314"}],"wp:term":[{"taxonomy":"category","embeddable":true,"href":"https:\/\/www.europesays.com\/fr\/wp-json\/wp\/v2\/categories?post=428314"},{"taxonomy":"post_tag","embeddable":true,"href":"https:\/\/www.europesays.com\/fr\/wp-json\/wp\/v2\/tags?post=428314"}],"curies":[{"name":"wp","href":"https:\/\/api.w.org\/{rel}","templated":true}]}}