{"id":428316,"date":"2025-09-30T09:54:15","date_gmt":"2025-09-30T09:54:15","guid":{"rendered":"https:\/\/www.europesays.com\/fr\/428316\/"},"modified":"2025-09-30T09:54:15","modified_gmt":"2025-09-30T09:54:15","slug":"des-blesses-graves-ce-secteur-du-centre-ville-boucle","status":"publish","type":"post","link":"https:\/\/www.europesays.com\/fr\/428316\/","title":{"rendered":"des bless\u00e9s graves, ce secteur du centre-ville boucl\u00e9"},"content":{"rendered":"<p>            Par<br \/>\n        <strong><br \/>\n            <a href=\"https:\/\/actu.fr\/auteur\/ludivine-caporal\" title=\"Consulter tous les articles de Ludivine Caporal\" rel=\"nofollow noopener\" target=\"_blank\">Ludivine Caporal<\/a><br \/>\n        <\/strong><\/p>\n<p>        Publi\u00e9 le<\/p>\n<p>            30 sept. 2025 \u00e0 11h25<br \/>\n        ; mis \u00e0 jour le 30 sept. 2025 \u00e0 11h46    <\/p>\n<p><strong>INFO ACTU LYON.<\/strong> Le r\u00e9put\u00e9 restaurant <strong>Casabea<\/strong>, situ\u00e9 rue de la monnaie dans le 2e arrondissement de <a href=\"https:\/\/actu.fr\/auvergne-rhone-alpes\/lyon_69123\" rel=\"nofollow noopener\" target=\"_blank\">Lyon<\/a>, a \u00e9t\u00e9 victime d\u2019une explosion ce mardi 30 septembre dans la matin\u00e9e, vers 11 heures.<\/p>\n<p>Des br\u00fblures aux bras et aux visages<\/p>\n<p class=\" wall-content\">Selon nos informations, trois personnes auraient \u00e9t\u00e9 bless\u00e9es, dont au moins deux gravement et prises en charge en urgence absolue par les secours. Elles souffriraient de br\u00fblures aux bras et aux visages et ont \u00e9t\u00e9 transport\u00e9es \u00e0 l\u2019h\u00f4pital.<\/p>\n<p class=\" wall-content\">\n<p class=\" wall-content\">Une quarantaine de pompiers, 18 engins et de nombreux policiers sont sur place ainsi que le Samu et GRDF. Le secteur est boucl\u00e9. <strong>Un incident avec du gaz<\/strong> serait \u00e0 l\u2019origine de l\u2019explosion qui s\u2019est produit <strong>dans la cuisine<\/strong> selon les premiers \u00e9l\u00e9ments recueillis par notre r\u00e9daction.<\/p>\n<p>    <img   decoding=\"async\" loading=\"lazy\" src=\"https:\/\/www.europesays.com\/fr\/wp-content\/uploads\/2025\/09\/restaurant-casabea-explosion-lyon-pompiers-960x640.jpg\" alt=\"De nombreux moyens de secours sont envoy\u00e9s sur place.\" width=\"960\" height=\"640\"\/><br \/>\n    De nombreux moyens de secours sont envoy\u00e9s sur place. (\u00a9Documents remis \u00e0 actu Lyon)<br \/>\n    <a href=\"https:\/\/www.google.com\/maps\/embed?pb=!1m18!1m12!1m3!1d2783.4731462800005!2d4.83000797661927!3d45.76170721353884!2m3!1f0!2f0!3f0!3m2!1i1024!2i768!4f13.1!3m3!1m2!1s0x47f4ea55b2f1d241%3A0xde388e1096c998f0!2sCasabea!5e0!3m2!1sfr!2sfr!4v1759224629901!5m2!1sfr!2sfr\" title=\"Ouvrie le lien\" rel=\"nofollow noopener\" target=\"_blank\">Cliquez ici pour visualiser le contenu<\/a><\/p>\n<p class=\" wall-content\">On ignore pour le moment l\u2019ampleur des d\u00e9g\u00e2ts au sein du restaurant, qui propose habituellement une cuisine m\u00e9diterran\u00e9enne.<\/p>\n<p class=\" wall-content\"><strong>Plus d\u2019informations \u00e0 venir\u2026<\/strong><\/p>\n<p class=\" wall-content\">Personnalisez votre actualit\u00e9 en ajoutant vos villes et m\u00e9dias en favori avec <a href=\"https:\/\/moncompte.actu.fr\" title=\"D\u00e9couvez Mon Actu\" rel=\"nofollow noopener\" data-trk=\"{&quot;cta&quot;:{&quot;action&quot;:&quot;https:\\\/\\\/moncompte.actu.fr&quot;,&quot;category&quot;:&quot;mon compte&quot;,&quot;from&quot;:&quot;article footer&quot;,&quot;name&quot;:&quot;Mon actu&quot;,&quot;type&quot;:&quot;cta&quot;}}\" target=\"_blank\">Mon Actu<\/a>.<\/p>\n","protected":false},"excerpt":{"rendered":"Par Ludivine Caporal Publi\u00e9 le 30 sept. 2025 \u00e0 11h25 ; mis \u00e0 jour le 30 sept. 2025&hellip;\n","protected":false},"author":2,"featured_media":428317,"comment_status":"","ping_status":"","sticky":false,"template":"","format":"standard","meta":{"footnotes":""},"categories":[1889],"tags":[1111,11,2430,1777,674,118,1011,27,2428,12,1311,25],"class_list":{"0":"post-428316","1":"post","2":"type-post","3":"status-publish","4":"format-standard","5":"has-post-thumbnail","7":"category-lyon","8":"tag-actu","9":"tag-actualites","10":"tag-auvergne-rhone-alpes","11":"tag-eu","12":"tag-europe","13":"tag-faits-divers","14":"tag-fr","15":"tag-france","16":"tag-lyon","17":"tag-news","18":"tag-pompiers","19":"tag-republique-francaise"},"share_on_mastodon":{"url":"https:\/\/pubeurope.com\/@fr\/115292646300904777","error":""},"_links":{"self":[{"href":"https:\/\/www.europesays.com\/fr\/wp-json\/wp\/v2\/posts\/428316","targetHints":{"allow":["GET"]}}],"collection":[{"href":"https:\/\/www.europesays.com\/fr\/wp-json\/wp\/v2\/posts"}],"about":[{"href":"https:\/\/www.europesays.com\/fr\/wp-json\/wp\/v2\/types\/post"}],"author":[{"embeddable":true,"href":"https:\/\/www.europesays.com\/fr\/wp-json\/wp\/v2\/users\/2"}],"replies":[{"embeddable":true,"href":"https:\/\/www.europesays.com\/fr\/wp-json\/wp\/v2\/comments?post=428316"}],"version-history":[{"count":0,"href":"https:\/\/www.europesays.com\/fr\/wp-json\/wp\/v2\/posts\/428316\/revisions"}],"wp:featuredmedia":[{"embeddable":true,"href":"https:\/\/www.europesays.com\/fr\/wp-json\/wp\/v2\/media\/428317"}],"wp:attachment":[{"href":"https:\/\/www.europesays.com\/fr\/wp-json\/wp\/v2\/media?parent=428316"}],"wp:term":[{"taxonomy":"category","embeddable":true,"href":"https:\/\/www.europesays.com\/fr\/wp-json\/wp\/v2\/categories?post=428316"},{"taxonomy":"post_tag","embeddable":true,"href":"https:\/\/www.europesays.com\/fr\/wp-json\/wp\/v2\/tags?post=428316"}],"curies":[{"name":"wp","href":"https:\/\/api.w.org\/{rel}","templated":true}]}}