{"id":428322,"date":"2025-09-30T09:59:12","date_gmt":"2025-09-30T09:59:12","guid":{"rendered":"https:\/\/www.europesays.com\/fr\/428322\/"},"modified":"2025-09-30T09:59:12","modified_gmt":"2025-09-30T09:59:12","slug":"cest-un-menteur-je-nai-jamais-pu-trop-lui-faire-confiance-declare-la-soeur-de-delphine-jubillar-aussaguel","status":"publish","type":"post","link":"https:\/\/www.europesays.com\/fr\/428322\/","title":{"rendered":"\u00ab\u00a0C&rsquo;est un menteur. Je n&rsquo;ai jamais pu trop lui faire confiance\u00a0\u00bb, d\u00e9clare la s\u0153ur de Delphine Jubillar-Aussaguel"},"content":{"rendered":"<p>Ils esp\u00e8rent toujours des aveux de C\u00e9dric Jubillar. Les fr\u00e8res, la s\u0153ur\u00a0et plusieurs membres de la famille de <a href=\"https:\/\/www.franceinfo.fr\/faits-divers\/disparition-de-delphine-jubillar\/elle-etait-aux-petits-soins-pour-nous-au-proces-de-cedric-jubillar-le-portrait-de-delphine-se-dessine-a-travers-ses-proches_7509367.html\" rel=\"nofollow noopener\" target=\"_blank\">Delphine Jubillar-Aussaguel<\/a> doivent t\u00e9moigner, mardi 30 septembre, devant la cour d&rsquo;assises du Tarn, de leur relation avec l&rsquo;infirmi\u00e8re, dont le corps reste introuvable depuis fin 2020. Interrog\u00e9 la semaine derni\u00e8re par la pr\u00e9sidente de la cour d&rsquo;assises sur sa ligne de d\u00e9fense, <a href=\"https:\/\/www.franceinfo.fr\/faits-divers\/disparition-de-delphine-jubillar\/y-a-t-il-quelque-chose-qui-vous-touche-au-premier-jour-du-proces-de-cedric-jubillar-la-cour-se-penche-sur-sa-personnalite_7507447.html\" rel=\"nofollow noopener\" target=\"_blank\">C\u00e9dric Jubillar<\/a> a d\u00e9menti, \u00e0 deux reprises, toute implication dans la disparition de son \u00e9pouse, qui envisageait de refaire sa vie avec un autre homme. \u00ab\u00a0C&rsquo;est un menteur. Je n&rsquo;ai jamais pu trop lui faire confiance\u00a0\u00bb, a d\u00e9clar\u00e9 la grande soeur de la victime interrog\u00e9e sur le profil de l&rsquo;accus\u00e9. \u00ab\u00a0Il \u00e9tait violent dans la mani\u00e8re d&rsquo;\u00e9duquer [son fils] Louis.\u00a0\u00bb Suivez notre direct.<\/p>\n<p class=\"c-body__bullet\"><strong> Raconter leur version des faits. <\/strong>Apr\u00e8s l&rsquo;audition des enqu\u00eateurs de personnalit\u00e9, de plusieurs gendarmes, d&rsquo;une pl\u00e9iade d&rsquo;experts et d&rsquo;un procureur, les parties civiles, souvent gagn\u00e9es par l&rsquo;\u00e9motion depuis le d\u00e9but du proc\u00e8s, vont se succ\u00e9der \u00e0 la barre et probablement interpeller l&rsquo;accus\u00e9. Pour Laurent de Caunes, avocat d&rsquo;un fr\u00e8re de Delphine, \u00ab\u00a0il est important que les parties civiles puissent parler de ce qui s&rsquo;est pass\u00e9, des circonstances qui ont accompagn\u00e9 la disparition de Delphine. Ils la connaissaient tr\u00e8s bien\u00a0\u00bb.<\/p>\n<p class=\"c-body__bullet\"><strong> Rappel des faits. <\/strong>Alors qu&rsquo;elle pr\u00e9parait les f\u00eates de No\u00ebl et qu&rsquo;un couvre-feu \u00e9tait en vigueur \u00e0 partir de 20 heures, Delphine Jubillar-Aussaguel, m\u00e8re de famille de 33 ans, a disparu de sa maison de Cagnac-les-Mines, un village pr\u00e8s d&rsquo;Albi, dans la nuit du 15 au 16 d\u00e9cembre 2020. Apr\u00e8s le signalement de la disparition, de vastes recherches ont \u00e9t\u00e9 men\u00e9es, sans r\u00e9sultat, pour tenter de retrouver cette infirmi\u00e8re travaillant de nuit dans une clinique d&rsquo;Albi, mais qui \u00e9tait de repos ce jour-l\u00e0.<\/p>\n<p class=\"c-body__bullet\"><strong> Une offensive de la d\u00e9fense.<\/strong> Lundi, la deuxi\u00e8me semaine du proc\u00e8s du peintre-plaquiste de 38 ans a d\u00e9but\u00e9 par <a href=\"https:\/\/www.franceinfo.fr\/faits-divers\/disparition-de-delphine-jubillar\/vous-n-etes-pas-un-menteur-vous-dites-des-choses-fausses-au-proces-de-cedric-jubillar-l-ex-procureur-de-toulouse-dominique-alzeari-malmene-par-la-defense_7521244.html\" rel=\"nofollow noopener\" target=\"_blank\">l&rsquo;audition de l&rsquo;ancien procureur de Toulouse<\/a>, Dominique Alz\u00e9ari, qui avait annonc\u00e9 la mise en examen de l&rsquo;accus\u00e9 le 18 juin 2021, lors d&rsquo;une conf\u00e9rence de presse \u00e9maill\u00e9e d'\u00a0\u00bbinexactitudes\u00a0\u00bb, selon la d\u00e9fense. \u00ab\u00a0A partir de votre intervention, il a fallu qu&rsquo;on r\u00e9tablisse un bon nombre de v\u00e9rit\u00e9s\u00a0\u00bb, lui reproche Alexandre Martin, avocat de la d\u00e9fense.<\/p>\n","protected":false},"excerpt":{"rendered":"Ils esp\u00e8rent toujours des aveux de C\u00e9dric Jubillar. Les fr\u00e8res, la s\u0153ur\u00a0et plusieurs membres de la famille de&hellip;\n","protected":false},"author":2,"featured_media":428323,"comment_status":"","ping_status":"","sticky":false,"template":"","format":"standard","meta":{"footnotes":""},"categories":[1888],"tags":[1111,1928,11,1927,1777,674,1011,27,12,1926,626,1925,25],"class_list":{"0":"post-428322","1":"post","2":"type-post","3":"status-publish","4":"format-standard","5":"has-post-thumbnail","7":"category-paris","8":"tag-actu","9":"tag-actu-paris","10":"tag-actualites","11":"tag-actualites-paris","12":"tag-eu","13":"tag-europe","14":"tag-fr","15":"tag-france","16":"tag-news","17":"tag-news-paris","18":"tag-paris","19":"tag-paris-news","20":"tag-republique-francaise"},"share_on_mastodon":{"url":"https:\/\/pubeurope.com\/@fr\/115292665469761270","error":""},"_links":{"self":[{"href":"https:\/\/www.europesays.com\/fr\/wp-json\/wp\/v2\/posts\/428322","targetHints":{"allow":["GET"]}}],"collection":[{"href":"https:\/\/www.europesays.com\/fr\/wp-json\/wp\/v2\/posts"}],"about":[{"href":"https:\/\/www.europesays.com\/fr\/wp-json\/wp\/v2\/types\/post"}],"author":[{"embeddable":true,"href":"https:\/\/www.europesays.com\/fr\/wp-json\/wp\/v2\/users\/2"}],"replies":[{"embeddable":true,"href":"https:\/\/www.europesays.com\/fr\/wp-json\/wp\/v2\/comments?post=428322"}],"version-history":[{"count":0,"href":"https:\/\/www.europesays.com\/fr\/wp-json\/wp\/v2\/posts\/428322\/revisions"}],"wp:featuredmedia":[{"embeddable":true,"href":"https:\/\/www.europesays.com\/fr\/wp-json\/wp\/v2\/media\/428323"}],"wp:attachment":[{"href":"https:\/\/www.europesays.com\/fr\/wp-json\/wp\/v2\/media?parent=428322"}],"wp:term":[{"taxonomy":"category","embeddable":true,"href":"https:\/\/www.europesays.com\/fr\/wp-json\/wp\/v2\/categories?post=428322"},{"taxonomy":"post_tag","embeddable":true,"href":"https:\/\/www.europesays.com\/fr\/wp-json\/wp\/v2\/tags?post=428322"}],"curies":[{"name":"wp","href":"https:\/\/api.w.org\/{rel}","templated":true}]}}