{"id":428328,"date":"2025-09-30T10:04:19","date_gmt":"2025-09-30T10:04:19","guid":{"rendered":"https:\/\/www.europesays.com\/fr\/428328\/"},"modified":"2025-09-30T10:04:19","modified_gmt":"2025-09-30T10:04:19","slug":"visit-luxembourg-organise-un-workshop-a-paris-le-9-octobre-2025","status":"publish","type":"post","link":"https:\/\/www.europesays.com\/fr\/428328\/","title":{"rendered":"Visit Luxembourg organise un workshop \u00e0 Paris le 9 octobre 2025"},"content":{"rendered":"<p>\t\t\t\t\t Jeudi 9 octobre 2025, <a class=\"liens\" href=\"https:\/\/www.visitluxembourg.com\/fr\/destinations\/luxembourg-ville\" target=\"_blank\" rel=\"noopener\">Visit Luxembourg<\/a> convie les professionnels du tourisme \u00e0 <b>un workshop in\u00e9dit<\/b>, organis\u00e9 \u00e0 l\u2019Atelier Eiffel. <\/p>\n<p>L&rsquo;objectif est de <b>valoriser la richesse touristique<\/b> du Grand-Duch\u00e9 et renforcer ses liens avec les acteurs de la distribution fran\u00e7aise.&#13;\t\t\t\t\t <\/p>\n<p>\u00c0 seulement <b>deux heures<\/b> de train de Paris, le <a class=\"liens\" href=\"https:\/\/www.tourmag.com\/B-B-Hotels-s-implante-au-Luxembourg-avec-un-premier-etablissement_a128349.html\" target=\"_blank\" rel=\"noopener\">Luxembourg<\/a> continue de se positionner comme une destination incontournable au c\u0153ur de l\u2019Europe. &#13;\t\t\t\t\t <\/p>\n<p>Petit par la taille mais grand par sa <b>diversit\u00e9<\/b>, le pays attire par son <b>patrimoine historique, ses paysages naturels, son dynamisme urbain et son art de vivre gastronomique<\/b>.&#13;\t\t\t\t\t <\/p>\n<p>Pour mettre en lumi\u00e8re cette pluralit\u00e9, Visit Luxembourg et <b>sept partenaires embl\u00e9matiques<\/b> feront le d\u00e9placement dans la capitale fran\u00e7aise : le Luxembourg City Tourist Office, la Brasserie Nationale, le Ch\u00e2teau d\u2019Urspelt, Sightseeing.lu, Gridx &amp; Noto Hotel, Voyages Emile Weber et l\u2019Institut Viti-Vinicole.\n\t\t\t\t <\/p>\n","protected":false},"excerpt":{"rendered":"Jeudi 9 octobre 2025, Visit Luxembourg convie les professionnels du tourisme \u00e0 un workshop in\u00e9dit, organis\u00e9 \u00e0 l\u2019Atelier&hellip;\n","protected":false},"author":2,"featured_media":428329,"comment_status":"","ping_status":"","sticky":false,"template":"","format":"standard","meta":{"footnotes":""},"categories":[1888],"tags":[11,1777,674,1011,27,15831,12,626,25,25711],"class_list":{"0":"post-428328","1":"post","2":"type-post","3":"status-publish","4":"format-standard","5":"has-post-thumbnail","7":"category-paris","8":"tag-actualites","9":"tag-eu","10":"tag-europe","11":"tag-fr","12":"tag-france","13":"tag-luxembourg","14":"tag-news","15":"tag-paris","16":"tag-republique-francaise","17":"tag-workshop"},"share_on_mastodon":{"url":"https:\/\/pubeurope.com\/@fr\/115292685323202039","error":""},"_links":{"self":[{"href":"https:\/\/www.europesays.com\/fr\/wp-json\/wp\/v2\/posts\/428328","targetHints":{"allow":["GET"]}}],"collection":[{"href":"https:\/\/www.europesays.com\/fr\/wp-json\/wp\/v2\/posts"}],"about":[{"href":"https:\/\/www.europesays.com\/fr\/wp-json\/wp\/v2\/types\/post"}],"author":[{"embeddable":true,"href":"https:\/\/www.europesays.com\/fr\/wp-json\/wp\/v2\/users\/2"}],"replies":[{"embeddable":true,"href":"https:\/\/www.europesays.com\/fr\/wp-json\/wp\/v2\/comments?post=428328"}],"version-history":[{"count":0,"href":"https:\/\/www.europesays.com\/fr\/wp-json\/wp\/v2\/posts\/428328\/revisions"}],"wp:featuredmedia":[{"embeddable":true,"href":"https:\/\/www.europesays.com\/fr\/wp-json\/wp\/v2\/media\/428329"}],"wp:attachment":[{"href":"https:\/\/www.europesays.com\/fr\/wp-json\/wp\/v2\/media?parent=428328"}],"wp:term":[{"taxonomy":"category","embeddable":true,"href":"https:\/\/www.europesays.com\/fr\/wp-json\/wp\/v2\/categories?post=428328"},{"taxonomy":"post_tag","embeddable":true,"href":"https:\/\/www.europesays.com\/fr\/wp-json\/wp\/v2\/tags?post=428328"}],"curies":[{"name":"wp","href":"https:\/\/api.w.org\/{rel}","templated":true}]}}