{"id":428338,"date":"2025-09-30T10:09:11","date_gmt":"2025-09-30T10:09:11","guid":{"rendered":"https:\/\/www.europesays.com\/fr\/428338\/"},"modified":"2025-09-30T10:09:11","modified_gmt":"2025-09-30T10:09:11","slug":"le-chancelier-merz-promet-un-soutien-politique-et-financier-au-plan-de-paix-pour-gaza-de-trump","status":"publish","type":"post","link":"https:\/\/www.europesays.com\/fr\/428338\/","title":{"rendered":"le chancelier Merz promet un soutien politique et financier au plan de paix pour Gaza de Trump"},"content":{"rendered":"<p>AA \/ Berlin \/ Ayhan Simsek<\/p>\n<p>Le chancelier allemand Friedrich Merz a promis mardi un soutien politique et financier au plan de paix pour Gaza du pr\u00e9sident am\u00e9ricain Donald Trump.<\/p>\n<p>\u00ab\u202fNous accueillons favorablement le plan de paix pour Gaza pr\u00e9sent\u00e9 hier (lundi) par le pr\u00e9sident Trump\u202f\u00bb, a d\u00e9clar\u00e9 Merz lors d\u2019une conf\u00e9rence de presse \u00e0 Berlin, ajoutant que son gouvernement a \u00e9t\u00e9 en contact \u00e9troit avec ses partenaires au sujet de cette initiative ces derni\u00e8res semaines.<\/p>\n<p>\u00ab\u202fApr\u00e8s presque trois ans de bain de sang, ce plan repr\u00e9sente jusqu\u2019\u00e0 pr\u00e9sent la meilleure chance de mettre fin \u00e0 la guerre. Le fait qu\u2019Isra\u00ebl soutienne ce plan constitue un progr\u00e8s significatif\u202f\u00bb, a soulign\u00e9 le chancelier.<\/p>\n<p>\u00ab\u202fIl appartient d\u00e9sormais au groupe palestinien Hamas d\u2019accepter et de d\u00e9gager la voie vers la paix. C\u2019est v\u00e9ritablement la derni\u00e8re \u00e9tape n\u00e9cessaire, et j\u2019appelle express\u00e9ment le Hamas \u00e0 accepter ce plan afin que le chemin vers la paix dans la r\u00e9gion soit d\u00e9gag\u00e9\u202f\u00bb, a-t-il ajout\u00e9.<\/p>\n<p>Le dirigeant conservateur a remerci\u00e9 Trump, les acteurs r\u00e9gionaux cl\u00e9s et les \u00c9tats arabes pour leur implication dans le plan et pour le soutien promis \u00e0 sa mise en \u0153uvre.<\/p>\n<p>Merz a soulign\u00e9 que l\u2019Allemagne est \u00e9galement pr\u00eate \u00e0 soutenir cette initiative et a r\u00e9affirm\u00e9 l\u2019engagement de Berlin en faveur d\u2019une solution \u00e0 deux \u00c9tats pour le conflit isra\u00e9lo-palestinien.<\/p>\n<p>\u00ab\u202fSi un accord est conclu, l\u2019Allemagne se tient pr\u00eate \u00e0 contribuer \u00e0 la mise en \u0153uvre du plan. Cela inclut un soutien politique, une aide humanitaire et la reconstruction de la r\u00e9gion\u202f\u00bb, a-t-il pr\u00e9cis\u00e9.<\/p>\n<p>\u00ab\u202fNous envisageons cela comme un travail en vue d\u2019un Moyen-Orient o\u00f9 Isra\u00e9liens et Palestiniens peuvent vivre en paix et en s\u00e9curit\u00e9 dans deux \u00c9tats\u202f\u00bb, a conclu le chancelier.<\/p>\n<p>* Traduit de l&rsquo;anglais par Seyma Erkul Dayanc<\/p>\n<p>                            &#13;<br \/>\n                                <a href=\"https:\/\/www.aa.com.tr\/fr\/p\/abonnement\/1001\" target=\"_blank\" style=\"font-size:12px; color:#444; text-decoration:none;\" rel=\"nofollow noopener\">&#13;<br \/>\n                                    Seulement une partie des d\u00e9p\u00eaches, que l&rsquo;Agence Anadolu diffuse \u00e0 ses abonn\u00e9s via le Syst\u00e8me de Diffusion interne (HAS), est diffus\u00e9e sur le site de l&rsquo;AA, de mani\u00e8re r\u00e9sum\u00e9e. <b style=\"color:#1897F7\">Contactez-nous s&rsquo;il vous pla\u00eet pour vous abonner.<\/b>&#13;<br \/>\n                                <\/a>&#13;<\/p>\n","protected":false},"excerpt":{"rendered":"AA \/ Berlin \/ Ayhan Simsek Le chancelier allemand Friedrich Merz a promis mardi un soutien politique et&hellip;\n","protected":false},"author":2,"featured_media":428339,"comment_status":"","ping_status":"","sticky":false,"template":"","format":"standard","meta":{"footnotes":""},"categories":[1587],"tags":[11,672,1785,1804,1805,1803,1777,674,4710,665,1801,3819,12,1802],"class_list":{"0":"post-428338","1":"post","2":"type-post","3":"status-publish","4":"format-standard","5":"has-post-thumbnail","7":"category-allemagne","8":"tag-actualites","9":"tag-allemagne","10":"tag-anadolu-ajansi","11":"tag-bundesrepublik-deutschland","12":"tag-de","13":"tag-deutschland","14":"tag-eu","15":"tag-europe","16":"tag-friedrich-merz","17":"tag-gaza","18":"tag-germany","19":"tag-isral","20":"tag-news","21":"tag-republique-federale-dallemagne"},"share_on_mastodon":{"url":"https:\/\/pubeurope.com\/@fr\/115292705114942141","error":""},"_links":{"self":[{"href":"https:\/\/www.europesays.com\/fr\/wp-json\/wp\/v2\/posts\/428338","targetHints":{"allow":["GET"]}}],"collection":[{"href":"https:\/\/www.europesays.com\/fr\/wp-json\/wp\/v2\/posts"}],"about":[{"href":"https:\/\/www.europesays.com\/fr\/wp-json\/wp\/v2\/types\/post"}],"author":[{"embeddable":true,"href":"https:\/\/www.europesays.com\/fr\/wp-json\/wp\/v2\/users\/2"}],"replies":[{"embeddable":true,"href":"https:\/\/www.europesays.com\/fr\/wp-json\/wp\/v2\/comments?post=428338"}],"version-history":[{"count":0,"href":"https:\/\/www.europesays.com\/fr\/wp-json\/wp\/v2\/posts\/428338\/revisions"}],"wp:featuredmedia":[{"embeddable":true,"href":"https:\/\/www.europesays.com\/fr\/wp-json\/wp\/v2\/media\/428339"}],"wp:attachment":[{"href":"https:\/\/www.europesays.com\/fr\/wp-json\/wp\/v2\/media?parent=428338"}],"wp:term":[{"taxonomy":"category","embeddable":true,"href":"https:\/\/www.europesays.com\/fr\/wp-json\/wp\/v2\/categories?post=428338"},{"taxonomy":"post_tag","embeddable":true,"href":"https:\/\/www.europesays.com\/fr\/wp-json\/wp\/v2\/tags?post=428338"}],"curies":[{"name":"wp","href":"https:\/\/api.w.org\/{rel}","templated":true}]}}