{"id":428354,"date":"2025-09-30T10:18:11","date_gmt":"2025-09-30T10:18:11","guid":{"rendered":"https:\/\/www.europesays.com\/fr\/428354\/"},"modified":"2025-09-30T10:18:11","modified_gmt":"2025-09-30T10:18:11","slug":"resultat-jannik-sinner-alex-de-minaur-atp-500-pekin-demi-finales-mardi-30-septembre-2025-lequipe","status":"publish","type":"post","link":"https:\/\/www.europesays.com\/fr\/428354\/","title":{"rendered":"R\u00e9sultat : Jannik Sinner &#8211; Alex De Minaur, ATP 500, P\u00e9kin, Demi-finales, Mardi 30 septembre 2025 &#8211; L&#039;\u00c9quipe"},"content":{"rendered":"<ol>\n<li><a href=\"https:\/\/news.google.com\/rss\/articles\/CBMiwwFBVV95cUxPNlk4YXBXNnRHMmxCTW1HRGdXU0F0R2pLQU5pZEtjVV9rbmZGS21HdmhHQVFPWnUzUGpyNkw0RjdqdWJCSzRzZjlTcWs4TnJId0U4RzY3OTRXNlliekV6QWJGX1RkS004b1JER3FJSnBBLVFUdlF1Z1NKUGs5WllxMFVaV0tWTDRvWlB5WURMTnM0TlpoUmoybVE5enZSRTQ3WXBZWTBrckpxMnpoNUxzalZpZG9sV0F5V1VFdVBpRGpRZGc?oc=5\" target=\"_blank\" rel=\"nofollow noopener\">R\u00e9sultat : Jannik Sinner &#8211; Alex De Minaur, ATP 500, P\u00e9kin, Demi-finales, Mardi 30 septembre 2025<\/a>&nbsp;&nbsp;L&rsquo;\u00c9quipe<\/li>\n<li><a href=\"https:\/\/news.google.com\/rss\/articles\/CBMiugFBVV95cUxNY1F3SDZMRlRpZ0xUX29PbGNhVmpNNnNDQVltanROYmJ1eGk3OEk4ZHRoNGphUlhyM2pEZW8xeG5GNmtpMU5HSThYWWZTYVp0TlVwTkhGWDFWc1o2dF90bldCdG5XSkRMLTZxT1l6RzBNSmdoMGlZbEtlR0hBQ3NZSGxMZzd3WGRXU01sNkJaejhOdmJRb05fN2ZKN2thOV9QdUh3WVlhamtSc2haU1Z2LTVZR0tJaGtoZ1E?oc=5\" target=\"_blank\" rel=\"nofollow noopener\">R\u00e9sultat : Eva Lys &#8211; Mccartney Kessler, WTA 1000, P\u00e9kin, Huiti\u00e8mes de finale, Mardi 30 septembre 2025<\/a>&nbsp;&nbsp;L&rsquo;\u00c9quipe<\/li>\n<li><a href=\"https:\/\/news.google.com\/rss\/articles\/CBMilgFBVV95cUxOYnVTUHA4RTZqaEJ1b0hqaEQzeVZ6MVExZjgzYjN2M0s4N2J4UkNpakdvdm44VHg3WElpMVFGeUZrNmhZUW9qTEhNNnA2UGwwVXliZDBPXzJxejUwVklBbWNMcVkyZDhSN2oyTThnZV9PWUt4Z3puTGFrY05memhYZVNVWS1XYjR5c3JDUkoxN1gzSGVRaUE?oc=5\" target=\"_blank\" rel=\"nofollow noopener\">France : Amine Hemia passeur et buteur (vid\u00e9o)<\/a>&nbsp;&nbsp;DZfoot<\/li>\n<li><a href=\"https:\/\/news.google.com\/rss\/articles\/CBMikAJBVV95cUxNZzlVb2ZHLVBRWFJsN0JWZnBTWVh5cGxFZEd3WF9rWGMtQ201MUNFZEVUUWctTU1ncm1jUDllRU1VeDZUNkJ1RXMxVWdfUUJDUTZFNlR5YkZPT3BYLTlBcFdzRmdsaEpQM0NicFBKZnp2aHd5dFlXc0pmdjZlNVZPMmVqNnVpSGRQbXFqYnZjWDdYM3Fab1RJcl8xWWhfYjlGNTVMQVpXOVExU01mcUVHbUYwSXRiVE5FZXFlc1JRTW05R2I2OWJONmVjYV9NZy1qaWR6ejVDWWp3dlBGS0JsR1BTZ0RJbFBFbXJYYjN5aDIxTGhOd1YyOUEzWGw5NDFtamVYMTNPTlVGdFpmTktnUw?oc=5\" target=\"_blank\" rel=\"nofollow noopener\">EA Guingamp. \u00ab Savoir g\u00e9rer les temps faibles \u00bb : des entames spectaculaires, des fins sous tension<\/a>&nbsp;&nbsp;Ouest-France<\/li>\n<li><a href=\"https:\/\/news.google.com\/rss\/articles\/CBMiqgFBVV95cUxQSENqWk9ZQ3BKeE95eU5LVnpWOEFpOEtqTVJyRU11MDdmMjQ4MW96MEJyMnZPZGVvMUI1V0dlTXI2blRKX0ZpdlZKOTBKbUloMU5senpva0VDS0t6NmgwS3VBd2d1RS1UNjloY3ltaDUwWTcxZFpaTHhKSW5NS01VLTFTQThmR3VGY0V2UHkydUNRcFFVUHFEWXN4SFVYYnVzX040R19DQTgyUQ?oc=5\" target=\"_blank\" rel=\"nofollow noopener\">Ligue 2 : Dunkerque s\u2019est r\u00e9veill\u00e9 trop tard \u00e0 Guingamp<\/a>&nbsp;&nbsp;La Voix du Nord<\/li>\n<\/ol>\n","protected":false},"excerpt":{"rendered":"R\u00e9sultat : Jannik Sinner &#8211; Alex De Minaur, ATP 500, P\u00e9kin, Demi-finales, Mardi 30 septembre 2025&nbsp;&nbsp;L&rsquo;\u00c9quipe R\u00e9sultat :&hellip;\n","protected":false},"author":2,"featured_media":1983,"comment_status":"","ping_status":"","sticky":false,"template":"","format":"standard","meta":{"footnotes":""},"categories":[1415],"tags":[1011,27,60,1467],"class_list":{"0":"post-428354","1":"post","2":"type-post","3":"status-publish","4":"format-standard","5":"has-post-thumbnail","7":"category-tennis","8":"tag-fr","9":"tag-france","10":"tag-sports","11":"tag-tennis"},"share_on_mastodon":{"url":"https:\/\/pubeurope.com\/@fr\/115292740189573858","error":""},"_links":{"self":[{"href":"https:\/\/www.europesays.com\/fr\/wp-json\/wp\/v2\/posts\/428354","targetHints":{"allow":["GET"]}}],"collection":[{"href":"https:\/\/www.europesays.com\/fr\/wp-json\/wp\/v2\/posts"}],"about":[{"href":"https:\/\/www.europesays.com\/fr\/wp-json\/wp\/v2\/types\/post"}],"author":[{"embeddable":true,"href":"https:\/\/www.europesays.com\/fr\/wp-json\/wp\/v2\/users\/2"}],"replies":[{"embeddable":true,"href":"https:\/\/www.europesays.com\/fr\/wp-json\/wp\/v2\/comments?post=428354"}],"version-history":[{"count":0,"href":"https:\/\/www.europesays.com\/fr\/wp-json\/wp\/v2\/posts\/428354\/revisions"}],"wp:featuredmedia":[{"embeddable":true,"href":"https:\/\/www.europesays.com\/fr\/wp-json\/wp\/v2\/media\/1983"}],"wp:attachment":[{"href":"https:\/\/www.europesays.com\/fr\/wp-json\/wp\/v2\/media?parent=428354"}],"wp:term":[{"taxonomy":"category","embeddable":true,"href":"https:\/\/www.europesays.com\/fr\/wp-json\/wp\/v2\/categories?post=428354"},{"taxonomy":"post_tag","embeddable":true,"href":"https:\/\/www.europesays.com\/fr\/wp-json\/wp\/v2\/tags?post=428354"}],"curies":[{"name":"wp","href":"https:\/\/api.w.org\/{rel}","templated":true}]}}