{"id":428363,"date":"2025-09-30T10:25:34","date_gmt":"2025-09-30T10:25:34","guid":{"rendered":"https:\/\/www.europesays.com\/fr\/428363\/"},"modified":"2025-09-30T10:25:34","modified_gmt":"2025-09-30T10:25:34","slug":"les-lumieres-etaient-parfaites","status":"publish","type":"post","link":"https:\/\/www.europesays.com\/fr\/428363\/","title":{"rendered":"\u00ab Les lumi\u00e8res \u00e9taient parfaites ! \u00bb"},"content":{"rendered":"<p>            Par<br \/>\n        <strong><br \/>\n            <a href=\"https:\/\/actu.fr\/auteur\/charles-dossantos\" title=\"Consulter tous les articles de Charles Dos Santos\" target=\"_blank\" rel=\"noopener\">Charles Dos Santos<\/a><br \/>\n        <\/strong><\/p>\n<p>        Publi\u00e9 le<\/p>\n<p>            28 sept. 2025 \u00e0 8h32        <\/p>\n<p>Originaire d\u2019<a href=\"https:\/\/actu.fr\/paris\/\" target=\"_blank\" rel=\"noopener\">\u00cele-de-France<\/a>, Eric Le Jeune est passionn\u00e9 de photographie. Install\u00e9 depuis 35 ans pr\u00e8s de <a href=\"https:\/\/actu.fr\/occitanie\/montauban_82121\" target=\"_blank\" rel=\"noopener\"><strong>Montauban<\/strong> <\/a>(<strong>Tarn-et-Garonne<\/strong>), ce sexag\u00e9naire hyperactif est venu en vacances pr\u00e8s de <a href=\"https:\/\/actu.fr\/occitanie\/leucate_11202\" target=\"_blank\" rel=\"noopener\"><strong>Port-Leucate<\/strong><\/a> (<a href=\"https:\/\/actu.fr\/occitanie\/aude_11\" target=\"_blank\" rel=\"noopener\"><strong>Aude<\/strong><\/a>). Il n\u2019a pas pu r\u00e9sister \u00e0 la beaut\u00e9 naturelle d\u2019un <strong>paysage aper\u00e7u<\/strong> pr\u00e8s d\u2019une des plus belles plages <a href=\"https:\/\/actu.fr\/occitanie\/loisirs-culture\" target=\"_blank\" rel=\"noopener\">d\u2019<strong>Occitanie<\/strong><\/a>.<\/p>\n<p>    <a href=\"https:\/\/www.google.com\/maps\/embed?pb=!1m18!1m12!1m3!1d2935.2151310437484!2d3.0380193487225293!3d42.856521713170345!2m3!1f0!2f0!3f0!3m2!1i1024!2i768!4f13.1!3m3!1m2!1s0x12b05e5b642f73dd%3A0x68e13b8a134495f5!2sRue%20de%20Fontfroide%2C%2011370%20Leucate!5e1!3m2!1sfr!2sfr!4v1758879195847!5m2!1sfr!2sfr\" title=\"Ouvrie le lien\" target=\"_blank\" rel=\"noopener\">Cliquez ici pour visualiser le contenu<\/a><\/p>\n<p>Lumi\u00e8res matinales magiques<\/p>\n<p class=\" wall-content\">Contact\u00e9 par <a href=\"https:\/\/actu.fr\/occitanie\/aude_11\" target=\"_blank\" rel=\"noopener\">Actu.fr<\/a>, ce passionn\u00e9 de photo se montre particuli\u00e8rement prolixe d\u00e8s qu\u2019il s\u2019agit de parler photographie et encore plus de <strong>celles de Leucate<\/strong>.<\/p>\n<p class=\" wall-content\">\u00ab\u2009Je connais bien ses plages et Leucate dans son ensemble. Nous y allons r\u00e9guli\u00e8rement avec ma compagne. Nous y \u00e9tions encore plusieurs jours r\u00e9cemment. C\u2019est \u00e0 cette occasion que j\u2019ai pu faire cette <strong>s\u00e9rie de clich\u00e9s<\/strong> qui fait depuis beaucoup parler\u2009\u00bb, confie cet enseignant \u00e0 la retraite, pr\u00e9cisant d\u2019embl\u00e9e \u00ab\u2009\u00eatre totalement mordu par cette <strong>passion saine<\/strong> qu\u2019est la <strong>photographie libre de paysages naturels<\/strong>\u2009\u00bb.<\/p>\n<p class=\" wall-content\">Fid\u00e8le \u00e0 ses habitudes, l\u2019homme a pris son temps pour saisir cette image fig\u00e9e d\u2019une beaut\u00e9 incroyable. \u00ab\u2009Cette fois-ci, je suis parti seul me promener sur le front de mer. L\u2019office du tourisme m\u2019avait confirm\u00e9 qu\u2019il y avait <strong>bien de l\u2019eau sur ce miroir<\/strong>. Le lieu \u00e9tait donc impeccable pour jouer sur la r\u00e9verb\u00e9ration naturelle. J\u2019ai vu, j\u2019ai rep\u00e9r\u00e9 et je suis parti en sachant que le lendemain matin t\u00f4t, serait parfait, absolument parfait\u2009\u00bb.<\/p>\n<p>Vid\u00e9os : en ce moment sur Actu<\/p>\n<blockquote class=\"ac-article-quote wall-content\">\n<p>Je ne suis vraiment pas du genre \u00e0 me projeter, \u00e0 revenir plusieurs matins et \u00e0 essayer en m&rsquo;acharnant presque sur un lieu, avec une position et un angle tr\u00e8s pr\u00e9cis. Je prends le temps, avec un rep\u00e9rage la veille si c&rsquo;est n\u00e9cessaire. C&rsquo;est tellement plus agr\u00e9able pour moi et plus spontan\u00e9 comme r\u00e9sultat.<\/p>\n<p>    <strong>Eric Le Jeune<\/strong><br \/>\n        Enseignant \u00e0 la retraite, passionn\u00e9 de photographie    <\/p><\/blockquote>\n<p class=\" wall-content\">C\u2019est exactement ce qui s\u2019est produit. Apr\u00e8s un r\u00e9veil mis \u00ab un peu avant 5h \u00bb ce jeudi 18 septembre, le retrait\u00e9 s\u2019est rendu \u00e0 l\u2019endroit pr\u00e9vu quelques minutes plus tard. Cela a \u00e9t\u00e9 le d\u00e9but d\u2019une longue attente.<\/p>\n<p>Votre r\u00e9gion, votre actu !<\/p>\n<p>Recevez chaque jour les infos qui comptent pour vous.<\/p>\n<p>\t<a href=\"https:\/\/actu.fr\/newsletter\" class=\"ac-btn ac-btn--corner ac-btn--medium ac-btn--blue800\" target=\"_blank\" rel=\"noopener\">S&rsquo;incrire<\/a><\/p>\n<p class=\" wall-content\">\u00ab\u2009Les lumi\u00e8res du matin sont incomparables, superbes, naturelles. Je fais \u00e9norm\u00e9ment de <strong>clich\u00e9s le matin<\/strong> et aussi le soir. Il m\u2019arrive d\u2019en faire en pleine nuit, mais pas sur cette s\u00e9rie-l\u00e0 \u00bb, explique, minutieux, Eric Le Jeune.<\/p>\n<p>Une vie de photos<\/p>\n<p class=\" wall-content\">Et c\u2019est \u00e0 <strong>6h41<\/strong> que l\u2019\u00e9vidence a saut\u00e9 aux yeux de l\u2019ancien adepte de l\u2019argentique.<\/p>\n<p class=\" wall-content\">\u00ab\u2009Je n\u2019ai fait <strong>qu\u2019une photo \u00e0 cet instant tr\u00e8s pr\u00e9cis<\/strong>. Les lumi\u00e8res \u00e9taient parfaites. Il n\u2019y avait <strong>personne \u00e0 l\u2019horizon<\/strong>. C\u2019\u00e9tait splendide et la <strong>r\u00e9verb\u00e9ration y \u00e9tait \u00e9vidente, tr\u00e8s visible\u2009<\/strong>\u00bb, se r\u00e9jouit le photographe amateur.<\/p>\n<p>    <a href=\"https:\/\/www.facebook.com\/plugins\/post.php?href=https%3A%2F%2Fwww.facebook.com%2Feric.lejeune.90410%2Fposts%2Fpfbid0XYNUQDEmut8cnU9DswwToxjUM2U6q3NBBYtmVK6G3cDy6QbWJRuyeBQ1ND8R8TfMl&amp;show_text=true&amp;width=350\" title=\"Ouvrie le lien\" target=\"_blank\" rel=\"noopener\">Cliquez ici pour visualiser le contenu<\/a><\/p>\n<p class=\" wall-content\">Utilisant uniquement son <strong>Sony A7 R5<\/strong>, un appareil de niveau professionnel dont il \u00ab\u2009ne se <strong>s\u00e9pare jamais bien longtemps\u2009<\/strong>\u00bb, comme il le reconna\u00eet lui-m\u00eame, cet ancien professeur du lyc\u00e9e D\u00e9odat de S\u00e9verac \u00e0 Toulouse (Haute-Garonne) confie s\u2019\u00eatre \u00ab\u2009d\u00e9couvert cette passion dans les ann\u00e9es 1990 voire 1995\u2009\u00bb.<\/p>\n<p class=\" wall-content\">Et depuis cela est all\u00e9 crescendo. \u00ab\u2009Mais toujours et <strong>quasiment que des paysages<\/strong>, c\u2019est tellement beau de le contempler et de le capter\u2009\u00bb, conclut cet homme cultiv\u00e9, dont le travail lui a r\u00e9cemment permis de faire <strong>partie des finalistes d\u2019un concours plan\u00e9taire<\/strong> pour un clich\u00e9 r\u00e9alis\u00e9 en mars\u00a02025 en Occitanie, montrant parfaitement la Voie lact\u00e9e.<\/p>\n<p class=\" wall-content\">Un choix assum\u00e9 dont personne ne se plaindra apr\u00e8s avoir aper\u00e7u la s\u00e9rie faite \u00e0 Leucate en cette fin d\u2019\u00e9t\u00e9.<\/p>\n<p class=\" wall-content\">Personnalisez votre actualit\u00e9 en ajoutant vos villes et m\u00e9dias en favori avec <a href=\"https:\/\/moncompte.actu.fr\" title=\"D\u00e9couvez Mon Actu\" rel=\"nofollow noopener\" data-trk=\"{&quot;cta&quot;:{&quot;action&quot;:&quot;https:\\\/\\\/moncompte.actu.fr&quot;,&quot;category&quot;:&quot;mon compte&quot;,&quot;from&quot;:&quot;article footer&quot;,&quot;name&quot;:&quot;Mon actu&quot;,&quot;type&quot;:&quot;cta&quot;}}\" target=\"_blank\">Mon Actu<\/a>.<\/p>\n","protected":false},"excerpt":{"rendered":"Par Charles Dos Santos Publi\u00e9 le 28 sept. 2025 \u00e0 8h32 Originaire d\u2019\u00cele-de-France, Eric Le Jeune est passionn\u00e9&hellip;\n","protected":false},"author":2,"featured_media":428364,"comment_status":"","ping_status":"","sticky":false,"template":"","format":"standard","meta":{"footnotes":""},"categories":[1358],"tags":[1348,1384,1385,1386,58,59,1011,27,1652,1252,1756,8302],"class_list":{"0":"post-428363","1":"post","2":"type-post","3":"status-publish","4":"format-standard","5":"has-post-thumbnail","7":"category-arts-et-design","8":"tag-arts","9":"tag-arts-and-design","10":"tag-arts-et-design","11":"tag-design","12":"tag-divertissement","13":"tag-entertainment","14":"tag-fr","15":"tag-france","16":"tag-loisirs-culture","17":"tag-mediterranee","18":"tag-photographie","19":"tag-plages"},"share_on_mastodon":{"url":"https:\/\/pubeurope.com\/@fr\/115292767818547204","error":""},"_links":{"self":[{"href":"https:\/\/www.europesays.com\/fr\/wp-json\/wp\/v2\/posts\/428363","targetHints":{"allow":["GET"]}}],"collection":[{"href":"https:\/\/www.europesays.com\/fr\/wp-json\/wp\/v2\/posts"}],"about":[{"href":"https:\/\/www.europesays.com\/fr\/wp-json\/wp\/v2\/types\/post"}],"author":[{"embeddable":true,"href":"https:\/\/www.europesays.com\/fr\/wp-json\/wp\/v2\/users\/2"}],"replies":[{"embeddable":true,"href":"https:\/\/www.europesays.com\/fr\/wp-json\/wp\/v2\/comments?post=428363"}],"version-history":[{"count":0,"href":"https:\/\/www.europesays.com\/fr\/wp-json\/wp\/v2\/posts\/428363\/revisions"}],"wp:featuredmedia":[{"embeddable":true,"href":"https:\/\/www.europesays.com\/fr\/wp-json\/wp\/v2\/media\/428364"}],"wp:attachment":[{"href":"https:\/\/www.europesays.com\/fr\/wp-json\/wp\/v2\/media?parent=428363"}],"wp:term":[{"taxonomy":"category","embeddable":true,"href":"https:\/\/www.europesays.com\/fr\/wp-json\/wp\/v2\/categories?post=428363"},{"taxonomy":"post_tag","embeddable":true,"href":"https:\/\/www.europesays.com\/fr\/wp-json\/wp\/v2\/tags?post=428363"}],"curies":[{"name":"wp","href":"https:\/\/api.w.org\/{rel}","templated":true}]}}