{"id":428365,"date":"2025-09-30T10:26:18","date_gmt":"2025-09-30T10:26:18","guid":{"rendered":"https:\/\/www.europesays.com\/fr\/428365\/"},"modified":"2025-09-30T10:26:18","modified_gmt":"2025-09-30T10:26:18","slug":"gaillac-le-festival-du-livre-jeunesse-ados-fete-ses-trente-ans","status":"publish","type":"post","link":"https:\/\/www.europesays.com\/fr\/428365\/","title":{"rendered":"Gaillac\u00a0: le Festival du Livre Jeunesse\u00a0&#038; Ados f\u00eate ses trente ans"},"content":{"rendered":"<p>\n                                                                    l&rsquo;essentiel<br \/>\n                                                                Vingt-deux auteurs attendront les visiteurs les samedi\u00a04 et dimanche\u00a05 octobreavec des spectacles, des ateliers, des animations. Une entr\u00e9e ludique vers la lecture.\n                            <\/p>\n<p>Trente ans, l\u2019\u00e2ge de la maturit\u00e9 pour ce qui \u00e9tait d\u2019abord le Salon du Livre et qui est devenu au fil des ans le Festival du Livre Jeunesse\u00a0&amp; Ados.<br \/>Un simple tour de passe passe\u00a0? Pas seulement. La nouvelle appellation porte une r\u00e9alit\u00e9. Au-del\u00e0 de la pr\u00e9sence des auteurs vingt-deux cette ann\u00e9e \u2013 des \u00e9changes et autres d\u00e9dicaces les Festival s\u2019est recentr\u00e9 sur la jeunesse et les ados pour \u00e9chapper \u00e0 la banalisation des innombrables salons du livre.<br \/>Il offre beaucoup plus d\u2019animations et de jeux qui sont autant de portes d\u2019entr\u00e9e vers la lecture. On peut s\u2019amuser au Festival du Livre, m\u00eame si l\u2019on est un ancien enfant ou un ado attard\u00e9. L\u2019esprit de cette trenti\u00e8me \u00e9dition sera au \u00ab\u00a0r\u00eave, aux mots et \u00e0 la f\u00eate foraine\u00a0\u00bb.<br \/>L\u2019illustratrice Anne-Lise Boutin signe l\u2019affiche et partagera son univers m\u00ealant feutres, encres, papiers d\u00e9coup\u00e9s et collages num\u00e9riques. Inspir\u00e9e par les arts populaires et les contes slaves, elle mettra sa po\u00e9sie et sa fantaisie au service du festival.<br \/>Au programme, outre la pr\u00e9sence de 22 auteurs de renom pour \u00e9changer et d\u00e9dicacer leurs ouvrages, les visiteurs auront droit \u00e0 des expositions originales autour du livre jeunesse et de l\u2019illustration, un concert d\u00e9jant\u00e9 de David Sire et un moment fort\u00a0: la lecture musicale \u00ab\u00a0Et le d\u00e9sert para\u00eetra\u00a0\u00bb port\u00e9e par la voix de Marie Pavlenko et le violoncelle de Ma\u00ebva Le Berre, pour un voyage au pays des \u00e9motions.<\/p>\n<p>Cette \u00e9dition anniversaire fera une place centrale \u00e0 la fantaisie et la po\u00e9sie\u00a0: spectacles, lectures, ateliers et animations inviteront les plus jeunes et les plus grands \u00e0 plonger dans l\u2019imaginaire sous toutes ses formes. Des cr\u00e9ations d\u00e9licates comme Cabane ou Dans le nid des g\u00e9ants, des d\u00e9fis avec le grand quiz de Manon Fargetton, des lectures musicales pleines d\u2019humour (Oscar\u00a0&amp; Carrosse), ainsi qu\u2019un spectacle en Langue des Signes (Comment \u00e9crit-on une histoire\u00a0?).<\/p>\n<p>Dans les ateliers cr\u00e9atifs les participants feront na\u00eetre des dinosaures farfelus, des masques color\u00e9s et des modules spatiaux, tandis qu\u2019une fresque g\u00e9ante c\u00e9l\u00e9brera le dessin sous toutes ses formes\u00a0\u00bb. La Ville qui organise le salon a voulu un rendez-vous festif, joyeux et cr\u00e9atif, le m\u00eame \u00ab\u00a0qui fait rimer depuis 30 ans curiosit\u00e9 et plaisir de lire\u00a0\u00bb.<\/p>\n<p>Quant aux auteurs, il suffit de voir combien ils veulent revenir d\u2019une ann\u00e9e sur l\u2019autre pour mesurer l\u2019impact commercial que ce Festival repr\u00e9sente dans leur activit\u00e9 professionnelle.<br \/>Entr\u00e9e libre et gratuite samedi\u00a04 et dimanche 5\u00a0octobre (10\u00a0heures-18\u00a0heures samedi, 10\u00a0heures-17\u00a0heures dimanche). L\u2019ensemble des animations et des spectacles est gratuit.<\/p>\n","protected":false},"excerpt":{"rendered":"l&rsquo;essentiel Vingt-deux auteurs attendront les visiteurs les samedi\u00a04 et dimanche\u00a05 octobreavec des spectacles, des ateliers, des animations. Une&hellip;\n","protected":false},"author":2,"featured_media":428366,"comment_status":"","ping_status":"","sticky":false,"template":"","format":"standard","meta":{"footnotes":""},"categories":[1357],"tags":[1379,58,59,1011,27,1380],"class_list":{"0":"post-428365","1":"post","2":"type-post","3":"status-publish","4":"format-standard","5":"has-post-thumbnail","7":"category-livres","8":"tag-books","9":"tag-divertissement","10":"tag-entertainment","11":"tag-fr","12":"tag-france","13":"tag-livres"},"share_on_mastodon":{"url":"https:\/\/pubeurope.com\/@fr\/115292771786381851","error":""},"_links":{"self":[{"href":"https:\/\/www.europesays.com\/fr\/wp-json\/wp\/v2\/posts\/428365","targetHints":{"allow":["GET"]}}],"collection":[{"href":"https:\/\/www.europesays.com\/fr\/wp-json\/wp\/v2\/posts"}],"about":[{"href":"https:\/\/www.europesays.com\/fr\/wp-json\/wp\/v2\/types\/post"}],"author":[{"embeddable":true,"href":"https:\/\/www.europesays.com\/fr\/wp-json\/wp\/v2\/users\/2"}],"replies":[{"embeddable":true,"href":"https:\/\/www.europesays.com\/fr\/wp-json\/wp\/v2\/comments?post=428365"}],"version-history":[{"count":0,"href":"https:\/\/www.europesays.com\/fr\/wp-json\/wp\/v2\/posts\/428365\/revisions"}],"wp:featuredmedia":[{"embeddable":true,"href":"https:\/\/www.europesays.com\/fr\/wp-json\/wp\/v2\/media\/428366"}],"wp:attachment":[{"href":"https:\/\/www.europesays.com\/fr\/wp-json\/wp\/v2\/media?parent=428365"}],"wp:term":[{"taxonomy":"category","embeddable":true,"href":"https:\/\/www.europesays.com\/fr\/wp-json\/wp\/v2\/categories?post=428365"},{"taxonomy":"post_tag","embeddable":true,"href":"https:\/\/www.europesays.com\/fr\/wp-json\/wp\/v2\/tags?post=428365"}],"curies":[{"name":"wp","href":"https:\/\/api.w.org\/{rel}","templated":true}]}}