{"id":428383,"date":"2025-09-30T10:36:14","date_gmt":"2025-09-30T10:36:14","guid":{"rendered":"https:\/\/www.europesays.com\/fr\/428383\/"},"modified":"2025-09-30T10:36:14","modified_gmt":"2025-09-30T10:36:14","slug":"suspects-en-fuite-profil-de-la-victime-ce-que-lon-sait-du-meurtre-dun-jeune-homme-a-la-gare-routiere-devry-courcouronnes","status":"publish","type":"post","link":"https:\/\/www.europesays.com\/fr\/428383\/","title":{"rendered":"Suspects en fuite, profil de la victime\u2026 Ce que l\u2019on sait du meurtre d\u2019un jeune homme \u00e0 la gare routi\u00e8re d\u2019\u00c9vry-Courcouronnes"},"content":{"rendered":"<p class=\"paragraph text_align_left lp-f-body-02\">Les circonstances du drame demeurent floues, au lendemain de <a href=\"https:\/\/www.leparisien.fr\/essonne-91\/violente-agression-a-la-gare-de-bus-devry-courcouronnes-un-jeune-homme-de-18-ans-est-decede-29-09-2025-Z3PMGIW7CZAGVC27USPCUO5SBI.php\" target=\"_self\" rel=\"noopener\">la violente agression d\u2019un jeune homme<\/a> \u00e0 la gare routi\u00e8re <a href=\"https:\/\/www.leparisien.fr\/essonne-91\/evry-courcouronnes-91000\/\" target=\"_self\" rel=\"noopener\">d\u2019\u00c9vry-Courcouronnes<\/a> <a href=\"https:\/\/www.leparisien.fr\/essonne-91\/\" target=\"_self\" rel=\"noopener\">(Essonne)<\/a>. La victime, \u00e2g\u00e9e seulement de 18 ans, habitait Ris-Orangis. Une cagnotte a \u00e9t\u00e9 ouverte en soutien \u00e0 sa famille.<\/p>\n<p>Que s\u2019est-il pass\u00e9 ?<\/p>\n<p class=\"paragraph text_align_left lp-f-body-02\">Selon les informations recueillies par Le Parisien, un jeune homme de 18 ans a \u00e9t\u00e9 violemment pris \u00e0 partie, lundi, vers 17h30, \u00e0 la gare de bus d\u2019\u00c9vry-Courcouronnes. Il a \u00e9t\u00e9 rou\u00e9 de coups, notamment au niveau de la t\u00eate, par deux individus v\u00eatus de noir. Lesquels ont imm\u00e9diatement pris la fuite apr\u00e8s les faits.<\/p>\n<p><img decoding=\"async\" class=\"image \" loading=\"lazy\" src=\"https:\/\/www.europesays.com\/fr\/wp-content\/uploads\/2025\/09\/2VIHJ5UH5ZCULGKD7AO7GOQ4YU.jpg\" alt=\"Evry-Courcouronnes, lundi 29 septembre 2025. Victime d'une violente agression \u00e0 la gare de bus, le jeune homme de 18 ans est d\u00e9c\u00e9d\u00e9 des suites de ses blessures.\" align=\"\" data-rubrique-principale=\"\" data-article-type=\"\" fetchpriority=\"auto\"\/>Evry-Courcouronnes, lundi 29 septembre 2025. Victime d&rsquo;une violente agression \u00e0 la gare de bus, le jeune homme de 18 ans est d\u00e9c\u00e9d\u00e9 des suites de ses blessures.<\/p>\n<p class=\"paragraph text_align_left lp-f-body-02\">La victime a \u00e9t\u00e9 laiss\u00e9e pour morte, en arr\u00eat cardiorespiratoire. Son d\u00e9c\u00e8s a \u00e9t\u00e9 prononc\u00e9 vers 18h30 malgr\u00e9 l\u2019intervention des sapeurs-pompiers et du Samu.<\/p>\n<p class=\"paragraph text_align_left lp-f-body-02\">Une vid\u00e9o d\u2019une quinzaine de secondes, que nous avons pu consulter, t\u00e9moigne de l\u2019extr\u00eame violence de la sc\u00e8ne. On y voit bien deux hommes, casquettes sur la t\u00eate, rouer de coups la victime avec leurs pieds et leurs poings. Dans le m\u00eame temps, un homme et une femme se d\u00e9m\u00e8nent pour les en emp\u00eacher et prot\u00e9ger, comme ils le peuvent, le jeune homme au sol. On y voit aussi un troisi\u00e8me individu tenter de retenir les agresseurs.<\/p>\n<p class=\"paragraph text_align_left lp-f-body-02\">Dans un communiqu\u00e9 publi\u00e9 sur Facebook, le maire (SE) d\u2019\u00c9vry-Courcouronnes, St\u00e9phane Beaudet, se dit \u00ab extr\u00eamement choqu\u00e9 par la violence de cet acte, dans un d\u00e9cha\u00eenement inou\u00ef \u00bb.<\/p>\n<p>Que sait-on de la victime ?<\/p>\n<p class=\"paragraph text_align_left lp-f-body-02\">Pr\u00e9nomm\u00e9 Mamadou, ce gar\u00e7on de 18 ans habitait Ris-Orangis. Le jeune homme, n\u00e9 \u00e0 Courcouronnes en 2007, \u00ab \u00e9tait scolaris\u00e9 au CFA de Br\u00e9tigny-sur-Orge \u00bb, selon une source proche du dossier. La direction de l\u2019\u00e9tablissement n\u2019a pas souhait\u00e9 communiquer ce mardi matin.<\/p>\n<p>O\u00f9 en est l\u2019enqu\u00eate ?<\/p>\n<p class=\"paragraph text_align_left lp-f-body-02\">Les enqu\u00eateurs devraient pouvoir s\u2019appuyer sur les cam\u00e9ras de vid\u00e9osurveillance de la gare routi\u00e8re, mais aussi \u00e0 ses abords. Sans doute aussi de la vid\u00e9o du drame qui circule actuellement.<\/p>\n<p class=\"paragraph text_align_left lp-f-body-02\">\u00ab Une enqu\u00eate est en cours des chefs d\u2019homicide volontaire, d\u2019association de malfaiteurs et de violences volontaires en r\u00e9union ayant entra\u00een\u00e9 une ITT (incapacit\u00e9 de travail) sup\u00e9rieure \u00e0 huit jours \u00bb, a indiqu\u00e9 lundi soir \u00e0 l\u2019AFP Gr\u00e9goire Dulin, procureur de la R\u00e9publique d\u2019\u00c9vry. L\u2019enqu\u00eate a \u00e9t\u00e9 confi\u00e9e \u00e0 la direction de la criminalit\u00e9 territoriale de l\u2019Essonne.<\/p>\n<p class=\"paragraph text_align_left lp-f-body-02\">Sur Facebook, St\u00e9phane Beaudet indique que \u00ab les premiers \u00e9l\u00e9ments laissent penser \u00e0 un nouvel \u00e9pisode de rivalit\u00e9 entre jeunes de communes voisines \u00bb. Ce mardi matin, aucune interpellation n\u2019a \u00e9t\u00e9 port\u00e9e \u00e0 notre connaissance. Les suspects seraient ainsi encore en fuite.<\/p>\n<p>Quelles sont les r\u00e9actions ?<\/p>\n<p class=\"paragraph text_align_left lp-f-body-02\">La mort de ce jeune homme a rapidement suscit\u00e9 une vague d\u2019\u00e9motion. Le soir du d\u00e9c\u00e8s, une cagnotte a \u00e9t\u00e9 ouverte pour aider la famille de Mamadou. \u00ab Salam aleykoum, je cr\u00e9e cette cagnotte en guise de soutien pour la famille du d\u00e9funt. Qu\u2019Allah vous r\u00e9compense \u00bb, peut-on lire dans la courte description de la cagnotte.<\/p>\n<p class=\"paragraph text_align_left lp-f-body-02\">\u00ab Que Dieu lui ouvre les portes du paradis \u00bb, \u00ab De tout c\u0153ur avec la famille et les proches en cette douloureuse \u00e9preuve \u00bb, \u00ab Que la terre lui soit l\u00e9g\u00e8re, qu\u2019Allah lui fasse mis\u00e9ricorde \u00bb, \u00ab N\u2019h\u00e9sitez pas \u00e0 partager ne serait-ce que 1 euro pour cette famille \u00bb\u2026 Dans les commentaires, une dizaine d\u2019internautes ont tenu \u00e0 rendre hommage \u00e0 Mamadou. Ce mardi \u00e0 la mi-journ\u00e9e, plus de 2 500 euros ont d\u00e9j\u00e0 \u00e9t\u00e9 r\u00e9colt\u00e9s.<\/p>\n<p class=\"paragraph text_align_left lp-f-body-02\">Dans son communiqu\u00e9, le maire d\u2019\u00c9vry-Courcouronnes St\u00e9phane Beaudet \u00ab condamne avec la plus grande fermet\u00e9 ces rixes, qui surviennent trop souvent et co\u00fbtent la vie \u00e0 nos jeunes \u00bb et exprime \u00ab tout (son) soutien et (sa) profonde compassion \u00e0 la famille et aux proches \u00bb de la victime. L\u2019\u00e9lu s\u2019indigne \u00e9galement qu\u2019une vid\u00e9o du drame puisse exister : \u00ab En pareil cas, il y a mieux \u00e0 faire que sortir son t\u00e9l\u00e9phone pour capter l\u2019instant (de pr\u00e8s en l\u2019esp\u00e8ce !), le publier et comptabiliser les likes. Triste signe des temps ! \u00bb, \u00e9crit-il.<\/p>\n","protected":false},"excerpt":{"rendered":"Les circonstances du drame demeurent floues, au lendemain de la violente agression d\u2019un jeune homme \u00e0 la gare&hellip;\n","protected":false},"author":2,"featured_media":428384,"comment_status":"","ping_status":"","sticky":false,"template":"","format":"standard","meta":{"footnotes":""},"categories":[4],"tags":[11,1936,118,1011,27,1944,12,25],"class_list":{"0":"post-428383","1":"post","2":"type-post","3":"status-publish","4":"format-standard","5":"has-post-thumbnail","7":"category-france","8":"tag-actualites","9":"tag-essonne","10":"tag-faits-divers","11":"tag-fr","12":"tag-france","13":"tag-ma-ville","14":"tag-news","15":"tag-republique-francaise"},"share_on_mastodon":{"url":"https:\/\/pubeurope.com\/@fr\/115292811269507848","error":""},"_links":{"self":[{"href":"https:\/\/www.europesays.com\/fr\/wp-json\/wp\/v2\/posts\/428383","targetHints":{"allow":["GET"]}}],"collection":[{"href":"https:\/\/www.europesays.com\/fr\/wp-json\/wp\/v2\/posts"}],"about":[{"href":"https:\/\/www.europesays.com\/fr\/wp-json\/wp\/v2\/types\/post"}],"author":[{"embeddable":true,"href":"https:\/\/www.europesays.com\/fr\/wp-json\/wp\/v2\/users\/2"}],"replies":[{"embeddable":true,"href":"https:\/\/www.europesays.com\/fr\/wp-json\/wp\/v2\/comments?post=428383"}],"version-history":[{"count":0,"href":"https:\/\/www.europesays.com\/fr\/wp-json\/wp\/v2\/posts\/428383\/revisions"}],"wp:featuredmedia":[{"embeddable":true,"href":"https:\/\/www.europesays.com\/fr\/wp-json\/wp\/v2\/media\/428384"}],"wp:attachment":[{"href":"https:\/\/www.europesays.com\/fr\/wp-json\/wp\/v2\/media?parent=428383"}],"wp:term":[{"taxonomy":"category","embeddable":true,"href":"https:\/\/www.europesays.com\/fr\/wp-json\/wp\/v2\/categories?post=428383"},{"taxonomy":"post_tag","embeddable":true,"href":"https:\/\/www.europesays.com\/fr\/wp-json\/wp\/v2\/tags?post=428383"}],"curies":[{"name":"wp","href":"https:\/\/api.w.org\/{rel}","templated":true}]}}