{"id":428399,"date":"2025-09-30T10:44:11","date_gmt":"2025-09-30T10:44:11","guid":{"rendered":"https:\/\/www.europesays.com\/fr\/428399\/"},"modified":"2025-09-30T10:44:11","modified_gmt":"2025-09-30T10:44:11","slug":"bertrand-de-latour-et-jean-christophe-giuseppi-sous-le-feu-des-encheres-et-xpeng","status":"publish","type":"post","link":"https:\/\/www.europesays.com\/fr\/428399\/","title":{"rendered":"Bertrand de Latour et Jean-Christophe Giuseppi \u00ab\u00a0Sous le feu des ench\u00e8res\u00a0\u00bb et XPENG"},"content":{"rendered":"<p>            Par<br \/>\n        <strong><br \/>\n            <a href=\"https:\/\/actu.fr\/auteur\/metropoop\" title=\"Consulter tous les articles de R\u00e9daction M\u00e9tropolitain\" target=\"_blank\" rel=\"noopener\">R\u00e9daction M\u00e9tropolitain<\/a><br \/>\n        <\/strong><\/p>\n<p>        Publi\u00e9 le<\/p>\n<p>            30 sept. 2025 \u00e0 12h31        <\/p>\n<p>Comme chaque semaine, <strong>l\u2019hebdomadaire M\u00e9tropolitain<\/strong> vous propose un autre regard sur <strong>l\u2019actualit\u00e9 de Montpellier et de l\u2019H\u00e9rault<\/strong>. D\u00e9couvrez le sommaire de notre nouveau num\u00e9ro.<\/p>\n<p>\u00c0 la Une<\/p>\n<p class=\" wall-content\"><strong>Bertrand de Latour<\/strong> et <strong>Jean-Christophe Giuseppi<\/strong> dirigent ensemble l\u2019<strong>H\u00f4tel des Ventes de Montpellier<\/strong>, institution s\u00e9culaire du march\u00e9 de l\u2019art languedocien. Sur les routes, comme depuis les locaux du chemin de Poutingon, o\u00f9 se situe le si\u00e8ge de l\u2019entreprise \u2013 et qu\u2019ils ach\u00e8vent d\u2019ailleurs de r\u00e9nover int\u00e9gralement \u2013 les deux commissaires-priseurs conjuguent leurs expertises et nous font prendre conscience, chaque jour, de la richesse, de la diversit\u00e9, de la valeur mat\u00e9rielle comme immat\u00e9rielle de notre patrimoine.<\/p>\n<p class=\" wall-content\">Des ventes les plus vertigineuses aux d\u00e9couvertes les plus inattendues, ils nous ouvrent, \u00e0 l\u2019occasion de ce repas partag\u00e9, les portes d\u2019un monde o\u00f9 l\u2019art, l\u2019histoire et l\u2019\u00e9motion se c\u00f4toient quotidiennement. Non sans \u00e9voquer malgr\u00e9 tout \u00ab\u00a0l\u2019humain\u00a0\u00bb derri\u00e8re tout cela et le duo qu\u2019ils forment depuis maintenant six ans. Il sera aussi question, lors de notre \u00e9change, des perspectives d\u2019avenir pour leur secteur dans un monde en perp\u00e9tuel mouvement. Cet article s\u2019intitule \u00ab\u00a0Sous le feu des ench\u00e8res\u00a0\u00bb et nous parle d\u2019une autre forme d\u2019art, celui qui consiste \u00e0 exercer avec noblesse le m\u00e9tier de commissaire-priseur, tout en cherchant \u00e0 le rendre plus accessible \u00e0 tout un chacun.<\/p>\n<p>News.<\/p>\n<p class=\" wall-content\"><strong>Montpellier<\/strong>, l\u2019immobilier r\u00e9siste mieux qu\u2019ailleurs mais reste dans le dur<\/p>\n<p class=\" wall-content\"><strong>\u00ab\u00a0Le Grand D\u00e9fi de l\u2019eau\u00a0\u00bb<\/strong>, le livre du professeur Servat<\/p>\n<p class=\" wall-content\"><strong>La vid\u00e9o de la semaine<\/strong> : Inauguration des Halles v\u00e9dasiennes<\/p>\n<p>Vid\u00e9os : en ce moment sur Actu<\/p>\n<p class=\" wall-content\"><strong>CHU de Montpellier<\/strong>, \u00e0 quoi sert la nouvelle salle Astrid pour les parents d\u2019enfants hospitalis\u00e9s ?<\/p>\n<p>Votre r\u00e9gion, votre actu !<\/p>\n<p>Recevez chaque jour les infos qui comptent pour vous.<\/p>\n<p>\t<a href=\"https:\/\/actu.fr\/newsletter\" class=\"ac-btn ac-btn--corner ac-btn--medium ac-btn--blue800\" target=\"_blank\" rel=\"noopener\">S&rsquo;incrire<\/a><br \/>\nLifestyle.<\/p>\n<p class=\" wall-content\"><strong>\u00c0 Montpellier<\/strong>, la nouvelle direction de l\u2019Agora m\u00e8ne la danse<\/p>\n<p class=\" wall-content\"><strong>Essai auto :<\/strong> Nouveau T-Roc, l\u2019atout choc de Volkswagen<\/p>\n<p class=\" wall-content\"><strong>S\u00e9lection caviste :<\/strong> Mas Laval<\/p>\n<p>\u00c9co.<\/p>\n<p class=\" wall-content\"><strong>Horizon Resort Massane :<\/strong> l\u2019\u00e9l\u00e9gance et la nature au service de vos \u00e9v\u00e9nements professionnels<\/p>\n<p class=\" wall-content\"><strong>XPENG s\u2019installe \u00e0 Montpellier,<\/strong> la technologie au service du quotidien<\/p>\n<p>Annonces l\u00e9gales<\/p>\n<p class=\" wall-content\"><strong>O\u00f9 le trouver ?<\/strong><\/p>\n<p class=\" wall-content\">Le <strong>magazine M\u00e9tropolitain<\/strong> est disponible gratuitement chaque semaine dans plus de 350 points de passage dans le d\u00e9partement de l\u2019H\u00e9rault. M\u00e9tropolitain est \u00e9galement le seul titre de presse disponible en libre-service au sein des halls d\u2019embarquement des a\u00e9roports de Montpellier et de B\u00e9ziers. Il est bien s\u00fbr possible de s\u2019abonner, afin de le recevoir directement chez soi. Aussi, toutes les semaines, retrouvez en ligne la version digitale,\u00a0<a href=\"https:\/\/v.calameo.com\/library\/?type=account&amp;id=5794458&amp;rows=1&amp;sortBy=latestPublished&amp;theme=wood&amp;bgColor=&amp;thumbSize=large&amp;showTitle=true&amp;showShadow=true&amp;showGloss=true&amp;showInfo=account&amp;linkTo=view&amp;linkTarget=_blank\" target=\"_blank\" rel=\"noopener\">consultable sur notre site.<\/a><\/p>\n<p class=\" wall-content\">Personnalisez votre actualit\u00e9 en ajoutant vos villes et m\u00e9dias en favori avec <a href=\"https:\/\/moncompte.actu.fr\" title=\"D\u00e9couvez Mon Actu\" rel=\"nofollow noopener\" data-trk=\"{&quot;cta&quot;:{&quot;action&quot;:&quot;https:\\\/\\\/moncompte.actu.fr&quot;,&quot;category&quot;:&quot;mon compte&quot;,&quot;from&quot;:&quot;article footer&quot;,&quot;name&quot;:&quot;Mon actu&quot;,&quot;type&quot;:&quot;cta&quot;}}\" target=\"_blank\">Mon Actu<\/a>.<\/p>\n","protected":false},"excerpt":{"rendered":"Par R\u00e9daction M\u00e9tropolitain Publi\u00e9 le 30 sept. 2025 \u00e0 12h31 Comme chaque semaine, l\u2019hebdomadaire M\u00e9tropolitain vous propose un&hellip;\n","protected":false},"author":2,"featured_media":428400,"comment_status":"","ping_status":"","sticky":false,"template":"","format":"standard","meta":{"footnotes":""},"categories":[9599],"tags":[1111,11,258,15154,5972,1777,674,1011,27,1305,2208,12,2680,25],"class_list":{"0":"post-428399","1":"post","2":"type-post","3":"status-publish","4":"format-standard","5":"has-post-thumbnail","7":"category-montpellier","8":"tag-actu","9":"tag-actualites","10":"tag-alimentation","11":"tag-chu-de-montpellier","12":"tag-danse","13":"tag-eu","14":"tag-europe","15":"tag-fr","16":"tag-france","17":"tag-lifestyle","18":"tag-montpellier","19":"tag-news","20":"tag-occitanie","21":"tag-republique-francaise"},"share_on_mastodon":{"url":"https:\/\/pubeurope.com\/@fr\/115292842616485144","error":""},"_links":{"self":[{"href":"https:\/\/www.europesays.com\/fr\/wp-json\/wp\/v2\/posts\/428399","targetHints":{"allow":["GET"]}}],"collection":[{"href":"https:\/\/www.europesays.com\/fr\/wp-json\/wp\/v2\/posts"}],"about":[{"href":"https:\/\/www.europesays.com\/fr\/wp-json\/wp\/v2\/types\/post"}],"author":[{"embeddable":true,"href":"https:\/\/www.europesays.com\/fr\/wp-json\/wp\/v2\/users\/2"}],"replies":[{"embeddable":true,"href":"https:\/\/www.europesays.com\/fr\/wp-json\/wp\/v2\/comments?post=428399"}],"version-history":[{"count":0,"href":"https:\/\/www.europesays.com\/fr\/wp-json\/wp\/v2\/posts\/428399\/revisions"}],"wp:featuredmedia":[{"embeddable":true,"href":"https:\/\/www.europesays.com\/fr\/wp-json\/wp\/v2\/media\/428400"}],"wp:attachment":[{"href":"https:\/\/www.europesays.com\/fr\/wp-json\/wp\/v2\/media?parent=428399"}],"wp:term":[{"taxonomy":"category","embeddable":true,"href":"https:\/\/www.europesays.com\/fr\/wp-json\/wp\/v2\/categories?post=428399"},{"taxonomy":"post_tag","embeddable":true,"href":"https:\/\/www.europesays.com\/fr\/wp-json\/wp\/v2\/tags?post=428399"}],"curies":[{"name":"wp","href":"https:\/\/api.w.org\/{rel}","templated":true}]}}