{"id":428410,"date":"2025-09-30T10:50:12","date_gmt":"2025-09-30T10:50:12","guid":{"rendered":"https:\/\/www.europesays.com\/fr\/428410\/"},"modified":"2025-09-30T10:50:12","modified_gmt":"2025-09-30T10:50:12","slug":"il-y-a-un-risque-de-contamination-pourquoi-des-habitants-dille-et-vilaine-doivent-eviter-de-boire-leau-du-robinet-cette-semaine","status":"publish","type":"post","link":"https:\/\/www.europesays.com\/fr\/428410\/","title":{"rendered":"\u00ab\u00a0Il y a un risque de contamination\u00a0\u00bb\u00a0: pourquoi des habitants d\u2019Ille-et-Vilaine doivent \u00e9viter de boire l\u2019eau du robinet cette semaine"},"content":{"rendered":"<p>Environ 15 000 habitants sont actuellement priv\u00e9s d\u2019eau potable en Ille-et-Vilaine. Au cours du week-end, la canalisation principale qui alimente le bassin de vie autour de Janz\u00e9 a rompu. Si les r\u00e9serves des ch\u00e2teaux d\u2019eau environnants ont pu \u00eatre mises \u00e0 contribution dans un premier temps, l\u2019incident a provoqu\u00e9 une rupture progressive de l\u2018approvisionnement au robinet.<\/p>\n<p>Quelques milliers de foyers ont \u00e9t\u00e9 concern\u00e9s par cette coupure d\u2019eau. Une cellule de crise regroupant les syndicats Eau de la For\u00eat du Theil &amp; Eau Porte de Bretagne, les maires des communes concern\u00e9es, le gestionnaire Aqualia et V\u00e9olia, a \u00e9t\u00e9 d\u00e9clench\u00e9e lundi. Les habitants ont \u00e9t\u00e9 inform\u00e9s par SMS ou via les r\u00e9seaux sociaux de l\u2019\u00e9volution de la situation. Des distributions de bouteilles d\u2019eau ont \u00e9t\u00e9 organis\u00e9es dans plusieurs communes impact\u00e9es comme \u00e0 Janz\u00e9, Brie, Amanlis ou encore Corps-Nuds.<\/p>\n<p>Des analyses en cours<\/p>\n<p>Apr\u00e8s l\u2019\u00e9valuation des d\u00e9g\u00e2ts, des travaux d\u2019envergure ont \u00e9t\u00e9 r\u00e9alis\u00e9s pour r\u00e9parer la canalisation hier apr\u00e8s-midi. Ces op\u00e9rations men\u00e9es conjointement par le syndicat Eau Porte de Bretagne et Veolia ont permis de faire revenir l\u2019eau au robinet au cours de la nuit. Mais les habitants devront attendre encore un peu avant de pouvoir la consommer.<\/p>\n<p>\u00ab Quand une canalisation casse, il y a toujours un risque de contamination bact\u00e9riologique \u00bb, pr\u00e9cise Laurent G\u00e9neau, directeur de la collectivit\u00e9 Eau du bassin rennais. \u00ab Des analyses ont \u00e9t\u00e9 r\u00e9alis\u00e9es par l\u2019ARS mais il faudra attendre 48 \u00e0 72 h pour conna\u00eetre les r\u00e9sultats. C\u2019est le protocole classique pour \u00e9viter que les gens tombent malades. En revanche, on peut utiliser l\u2019eau pour la toilette ou la machine \u00e0 laver \u00bb.<\/p>\n<p>Sur ses r\u00e9seaux sociaux, la mairie de Janz\u00e9 a demand\u00e9 \u00e0 ses administr\u00e9s d\u2019\u00e9viter d\u2019utiliser l\u2019eau pour \u00ab la boisson, la pr\u00e9paration des aliments, le lavage des dents, la toilette des nourrissons, des boissons chaudes et des gla\u00e7ons \u00bb dans l\u2019attente du r\u00e9sultat des analyses. \u00ab Aussi, nous invitons les Janz\u00e9ens et Janz\u00e9ennes \u00e0 avertir leurs proches, voisins\u2026 et comptons sur votre solidarit\u00e9 durant cette p\u00e9riode \u00bb.<\/p>\n","protected":false},"excerpt":{"rendered":"Environ 15 000 habitants sont actuellement priv\u00e9s d\u2019eau potable en Ille-et-Vilaine. Au cours du week-end, la canalisation principale&hellip;\n","protected":false},"author":2,"featured_media":428411,"comment_status":"","ping_status":"","sticky":false,"template":"","format":"standard","meta":{"footnotes":""},"categories":[2821],"tags":[1111,11,829,1777,674,1011,27,848,12,584,25],"class_list":{"0":"post-428410","1":"post","2":"type-post","3":"status-publish","4":"format-standard","5":"has-post-thumbnail","7":"category-rennes","8":"tag-actu","9":"tag-actualites","10":"tag-bretagne","11":"tag-eu","12":"tag-europe","13":"tag-fr","14":"tag-france","15":"tag-ille-et-vilaine","16":"tag-news","17":"tag-rennes","18":"tag-republique-francaise"},"share_on_mastodon":{"url":"https:\/\/pubeurope.com\/@fr\/115292866149269916","error":""},"_links":{"self":[{"href":"https:\/\/www.europesays.com\/fr\/wp-json\/wp\/v2\/posts\/428410","targetHints":{"allow":["GET"]}}],"collection":[{"href":"https:\/\/www.europesays.com\/fr\/wp-json\/wp\/v2\/posts"}],"about":[{"href":"https:\/\/www.europesays.com\/fr\/wp-json\/wp\/v2\/types\/post"}],"author":[{"embeddable":true,"href":"https:\/\/www.europesays.com\/fr\/wp-json\/wp\/v2\/users\/2"}],"replies":[{"embeddable":true,"href":"https:\/\/www.europesays.com\/fr\/wp-json\/wp\/v2\/comments?post=428410"}],"version-history":[{"count":0,"href":"https:\/\/www.europesays.com\/fr\/wp-json\/wp\/v2\/posts\/428410\/revisions"}],"wp:featuredmedia":[{"embeddable":true,"href":"https:\/\/www.europesays.com\/fr\/wp-json\/wp\/v2\/media\/428411"}],"wp:attachment":[{"href":"https:\/\/www.europesays.com\/fr\/wp-json\/wp\/v2\/media?parent=428410"}],"wp:term":[{"taxonomy":"category","embeddable":true,"href":"https:\/\/www.europesays.com\/fr\/wp-json\/wp\/v2\/categories?post=428410"},{"taxonomy":"post_tag","embeddable":true,"href":"https:\/\/www.europesays.com\/fr\/wp-json\/wp\/v2\/tags?post=428410"}],"curies":[{"name":"wp","href":"https:\/\/api.w.org\/{rel}","templated":true}]}}