{"id":428413,"date":"2025-09-30T10:52:13","date_gmt":"2025-09-30T10:52:13","guid":{"rendered":"https:\/\/www.europesays.com\/fr\/428413\/"},"modified":"2025-09-30T10:52:13","modified_gmt":"2025-09-30T10:52:13","slug":"un-enorme-chantier-de-plusieurs-annees-va-bientot-demarrer","status":"publish","type":"post","link":"https:\/\/www.europesays.com\/fr\/428413\/","title":{"rendered":"un \u00e9norme chantier de plusieurs ann\u00e9es va bient\u00f4t d\u00e9marrer"},"content":{"rendered":"<p>            Par<br \/>\n        <strong><br \/>\n            <a href=\"https:\/\/actu.fr\/auteur\/thomas-blanc\" title=\"Consulter tous les articles de Thomas Blanc\" target=\"_blank\" rel=\"noopener\">Thomas Blanc<\/a><br \/>\n        <\/strong><\/p>\n<p>        Publi\u00e9 le<\/p>\n<p>            30 sept. 2025 \u00e0 11h15        <\/p>\n<p>D\u00e8s 2026, les travaux pour un nouveau r\u00e9seau de chaleur, le quatri\u00e8me dans l\u2019<a href=\"https:\/\/actu.fr\/tag\/eurometropole-de-strasbourg\" target=\"_blank\" rel=\"noopener\">Eurom\u00e9tropole de Strasbourg<\/a>, vont d\u00e9marrer. Celui-ci, <strong>long de 40 kilom\u00e8tres<\/strong>, sera tourn\u00e9 vers le nord du territoire et fournira en \u00e9nergie l\u2019\u00e9quivalent de <strong>11\u2009000 logements<\/strong>.<\/p>\n<p>Un nouveau r\u00e9seau de chaleur pour les communes du nord de Strasbourg<\/p>\n<p class=\" wall-content\">\u00ab\u2009Depuis 2020, ce sont 15\u2009000 nouveaux \u00e9quivalents logements qui ont \u00e9t\u00e9 raccord\u00e9s au nouveau r\u00e9seau de chaleur, dont les bailleurs sociaux \u00bb, indique <a href=\"https:\/\/actu.fr\/grand-est\/strasbourg_67482\/municipales-2026-jeanne-barseghian-maire-de-strasbourg-candidate-a-sa-reelection_62866356.html\" target=\"_blank\" rel=\"noopener\">Jeanne Barseghian<\/a>, maire Les Ecologistes de Strasbourg. Le total est donc port\u00e9 \u00e0 45 000 et l\u2019objectif est d\u2019atteindre les <strong>80\u2009000 d\u2019ici 2030<\/strong>.<\/p>\n<p class=\" wall-content\">Pour ce faire, un nouveau r\u00e9seau sera d\u00e9ploy\u00e9, \u00ab\u00a0Eden\u00a0\u00bb, pour \u00ab\u2009\u00c9nergies D\u00e9carbon\u00e9es Eurom\u00e9tropole Nord\u2009\u00bb. Ses travaux d\u00e9buteront au cours du <strong>premier semestre de 2026<\/strong>. Il concernera Strasbourg (quartiers nord), <a href=\"https:\/\/actu.fr\/grand-est\/schiltigheim_67447\" target=\"_blank\" rel=\"noopener\">Schiltigheim,<\/a> Bischheim et H\u0153nheim, avec deux r\u00e9seaux ind\u00e9pendants \u00e0 Mundolsheim et Souffelweyersheim.<\/p>\n<p>100\u2009% d\u2019\u00e9nergies d\u00e9carbon\u00e9es comme objectif<\/p>\n<p class=\" wall-content\">L\u2019objectif est clair, que ces logements soient fournis avec de la chaleur issue \u00e0 90\u2009% d\u2019\u00e9nergies renouvelables d\u00e8s 2031 gr\u00e2ce \u00e0 la <strong>valorisation de la chaleur des sites industriels<\/strong>\u00a0et de la chaleur que produit la station d\u2019\u00e9puration de <a href=\"https:\/\/actu.fr\/grand-est\/la-wantzenau_67519\" target=\"_blank\" rel=\"noopener\">La Wantzenau<\/a>.<\/p>\n<p class=\" wall-content\">Les ambitions sont m\u00eame d\u2019atteindre\u00a0<strong>100\u2009% d\u2019\u00e9nergies d\u00e9carbon\u00e9es<\/strong> d\u2019ici 2050 d\u2019apr\u00e8s l\u2019Eurom\u00e9tropole, <a href=\"https:\/\/actu.fr\/grand-est\/strasbourg_67482\/des-2023-les-reseaux-de-chaleur-vont-etre-renoves-et-le-prix-du-chauffage-va-baisser-a-strasbourg_49304089.html\" target=\"_blank\" rel=\"noopener\">tout en garantissant des tarifs comp\u00e9titifs et stables<\/a>.<\/p>\n<p>Plus de trois ans de travaux et donc de\u00a0perturbations<\/p>\n<p class=\" wall-content\">Les travaux entra\u00eeneront in\u00e9vitablement des\u00a0<strong>perturbations locales<\/strong>\u2009: chantiers en voirie, impacts sur la circulation et le stationnement ainsi que pour les commerces de proximit\u00e9 dans les communes concern\u00e9es.<\/p>\n<p class=\" wall-content\">Pour limiter les nuisances, <strong>un m\u00e9diateur<\/strong> travaux sera pr\u00e9sent en continu afin de dialoguer avec les habitants et les commer\u00e7ants, anticiper les contraintes et informer sur l\u2019avancement du projet.<\/p>\n<p>Votre r\u00e9gion, votre actu !<\/p>\n<p>Recevez chaque jour les infos qui comptent pour vous.<\/p>\n<p>\t<a href=\"https:\/\/actu.fr\/newsletter\" class=\"ac-btn ac-btn--corner ac-btn--medium ac-btn--blue800\" target=\"_blank\" rel=\"noopener\">S&rsquo;incrire<\/a><\/p>\n<p class=\" wall-content\">Mais ces perturbations ne sont pas vaines puisque depuis 2023, d\u00e9but des interventions sur les r\u00e9seaux de chaleur, \u00ab\u200930 km de r\u00e9seau ont \u00e9t\u00e9 renouvel\u00e9s chaque ann\u00e9e, un rythme qui sera maintenu jusqu\u2019en 2029\u2009\u00bb, affirme Marc Hoffsess, adjoint \u00e0 la maire de Strasbourg en charge des \u00e9nergies.<\/p>\n<p>Trois r\u00e9seaux de chaleur existent d\u00e9j\u00e0<\/p>\n<p class=\" wall-content\">Aujourd\u2019hui, il existe d\u00e9j\u00e0 <strong>trois r\u00e9seaux de chaleur publics<\/strong> distincts au sein de l\u2019Eurom\u00e9tropole de Strasbourg. Ils sont tous en transition du gaz vers les \u00e9nergies renouvelables (ENR) :<\/p>\n<ul class=\" wall-content\">\n<li>Strasbourg Centre, exploit\u00e9 par la soci\u00e9t\u00e9 Strasbourg Centre Energies, filiale de RCU-A, aliment\u00e9 par 61\u2009% d\u2019ENR et dont <strong>l\u2019objectif est d\u2019atteindre 85% en 2030<\/strong>.<\/li>\n<li>Ouest Strasbourg, exploit\u00e9 par la soci\u00e9t\u00e9 Evos, filiale d\u2019Engie, l\u2019objectif est aussi d\u2019atteindre 85% d\u2019ENR en 2030 gr\u00e2ce \u00e0 la r\u00e9cup\u00e9ration de la chaleur de l\u2019H\u00f4pital et au bois.<\/li>\n<\/ul>\n<p class=\" wall-content\">Le dernier r\u00e9seau est celui du Wacken, qui est lui <strong>d\u00e9j\u00e0 aliment\u00e9 \u00e0 plus de 90% par des sources d\u2019ENR<\/strong> gr\u00e2ce \u00e0 la chaleur industrielle du Port autonome et la biomasse.<\/p>\n<p class=\" wall-content\">Personnalisez votre actualit\u00e9 en ajoutant vos villes et m\u00e9dias en favori avec <a href=\"https:\/\/moncompte.actu.fr\" title=\"D\u00e9couvez Mon Actu\" rel=\"nofollow noopener\" data-trk=\"{&quot;cta&quot;:{&quot;action&quot;:&quot;https:\\\/\\\/moncompte.actu.fr&quot;,&quot;category&quot;:&quot;mon compte&quot;,&quot;from&quot;:&quot;article footer&quot;,&quot;name&quot;:&quot;Mon actu&quot;,&quot;type&quot;:&quot;cta&quot;}}\" target=\"_blank\">Mon Actu<\/a>.<\/p>\n","protected":false},"excerpt":{"rendered":"Par Thomas Blanc Publi\u00e9 le 30 sept. 2025 \u00e0 11h15 D\u00e8s 2026, les travaux pour un nouveau r\u00e9seau&hellip;\n","protected":false},"author":2,"featured_media":428414,"comment_status":"","ping_status":"","sticky":false,"template":"","format":"standard","meta":{"footnotes":""},"categories":[2820],"tags":[1111,11,51,1777,5342,674,1011,27,775,12,25,104,640,4426],"class_list":{"0":"post-428413","1":"post","2":"type-post","3":"status-publish","4":"format-standard","5":"has-post-thumbnail","7":"category-strasbourg","8":"tag-actu","9":"tag-actualites","10":"tag-ecologie","11":"tag-eu","12":"tag-eurometropole-de-strasbourg","13":"tag-europe","14":"tag-fr","15":"tag-france","16":"tag-grand-est","17":"tag-news","18":"tag-republique-francaise","19":"tag-societe","20":"tag-strasbourg","21":"tag-transition-energetique"},"share_on_mastodon":{"url":"https:\/\/pubeurope.com\/@fr\/115292874022608514","error":""},"_links":{"self":[{"href":"https:\/\/www.europesays.com\/fr\/wp-json\/wp\/v2\/posts\/428413","targetHints":{"allow":["GET"]}}],"collection":[{"href":"https:\/\/www.europesays.com\/fr\/wp-json\/wp\/v2\/posts"}],"about":[{"href":"https:\/\/www.europesays.com\/fr\/wp-json\/wp\/v2\/types\/post"}],"author":[{"embeddable":true,"href":"https:\/\/www.europesays.com\/fr\/wp-json\/wp\/v2\/users\/2"}],"replies":[{"embeddable":true,"href":"https:\/\/www.europesays.com\/fr\/wp-json\/wp\/v2\/comments?post=428413"}],"version-history":[{"count":0,"href":"https:\/\/www.europesays.com\/fr\/wp-json\/wp\/v2\/posts\/428413\/revisions"}],"wp:featuredmedia":[{"embeddable":true,"href":"https:\/\/www.europesays.com\/fr\/wp-json\/wp\/v2\/media\/428414"}],"wp:attachment":[{"href":"https:\/\/www.europesays.com\/fr\/wp-json\/wp\/v2\/media?parent=428413"}],"wp:term":[{"taxonomy":"category","embeddable":true,"href":"https:\/\/www.europesays.com\/fr\/wp-json\/wp\/v2\/categories?post=428413"},{"taxonomy":"post_tag","embeddable":true,"href":"https:\/\/www.europesays.com\/fr\/wp-json\/wp\/v2\/tags?post=428413"}],"curies":[{"name":"wp","href":"https:\/\/api.w.org\/{rel}","templated":true}]}}