{"id":428422,"date":"2025-09-30T10:57:16","date_gmt":"2025-09-30T10:57:16","guid":{"rendered":"https:\/\/www.europesays.com\/fr\/428422\/"},"modified":"2025-09-30T10:57:16","modified_gmt":"2025-09-30T10:57:16","slug":"que-faire-a-nantes-ce-week-end-du-2-au-5-octobre-2025-big-city-nantes","status":"publish","type":"post","link":"https:\/\/www.europesays.com\/fr\/428422\/","title":{"rendered":"Que faire \u00e0 Nantes ce week-end du 2 au 5 octobre 2025 ? \u2013 Big City Nantes"},"content":{"rendered":"<p>Octobre arrive, place aux feuilles mortes aux gros plaids et aux citrouilles \ud83c\udf83 Encore une \u00e9\u00e9\u00e9\u00e9teeeernit\u00e9\u00e9\u00e9\u00e9 avant les vacances de la Toussaint\u2026 mais pas de panique on t\u2019a chin\u00e9 le meilleur du week-end pour te faire patienter. Nouveau mois, nouveaux plans, pour cette fin de semaine <strong>du 2 au 5 octobre<\/strong> avec festivals, Oktoberfest, spectacles et un max de p\u00e9pites gratuites. Jette un oeil \ud83d\ude09<\/p>\n<p>Que Faire \u00e0 Nantes ce week-end : le programme du jeudi 2 au dimanche 5 octobre 2025<\/p>\n<p>On se croirait d\u00e9j\u00e0 en hiver \u00e0 Nantes mais la programmation risque d\u2019apporter un peu de soleil \u00e0 ton week-end . <strong>Du 2 au 5 octobre,<\/strong> il se passe des trucs partout autour de Nantes qui te donneront le sourire. Comme d\u2019hab, Big City t\u2019as trouv\u00e9 les meilleurs bons plans, fiestas et activit\u00e9s fun \ud83d\ude0e<\/p>\n<p><strong>Samedi 4 octobre<\/strong> sur la place du Commerce, empoche le pactole en participant au <a href=\"https:\/\/www.bigcitynantes.fr\/culture-loisirs\/nantes-un-bingo-drag-geant-debarque-sur-la-place-du-commerce\/\" target=\"_blank\" rel=\"noreferrer noopener nofollow\">Grand Bingo<\/a> des commer\u00e7ants ! Un show anim\u00e9 par les drag queens\u00a0<strong>Jodye Coaster<\/strong>\u00a0et\u00a0<strong>Anne-Marie Kondom<\/strong>, avec DJ set d\u00e8s <strong>14h<\/strong>. Jusqu\u2019\u00e0\u00a0<strong>4000 \u20ac <\/strong>de cadeaux\u00a0\u00e0 gagner pour te refaire une fortune \ud83c\udf81 <\/p>\n<p><a href=\"https:\/\/www.bigcitynantes.fr\/contact\/\" title=\"Publicit\u00e9\" rel=\"nofollow noopener\" target=\"_blank\"><br \/>\n<img decoding=\"async\" alt=\"Publicit\u00e9\" src=\"https:\/\/www.europesays.com\/fr\/wp-content\/uploads\/2025\/09\/ADS.webp.webp\"  data-pagespeed-url-hash=\"551179541\" onload=\"pagespeed.CriticalImages.checkImageForCriticality(this);\"\/><br \/>\n<\/a><\/p>\n<p>\nPublicit\u00e9\n<\/p>\n<\/p>\n<p>Pour bien finir ta journ\u00e9e, rendez-vous au <a href=\"https:\/\/www.bigcitynantes.fr\/que-faire-a-nantes\/le-lieu-unique-u\u2026ne-punk-et-noise\/\" rel=\"nofollow noopener\" target=\"_blank\">Lieu Unique<\/a> \u00e0 partir de <br \/>20h30 : la cornemuse mystique de\u00a0<strong>Br\u00ecghde Chaimbeul<\/strong>\u00a0rencontre l\u2019\u00e9nergie brute du\u00a0<strong>Shovel Dance Collective<\/strong>. Entre folk, drone, punk et noise, ils font exploser les fronti\u00e8res de la musique trad \ud83d\udd25 <br \/>Un voyage sonore avec des<a href=\"https:\/\/billetterie-pannonica.mapado.com\/event\/560967-shovel-dance-collective-brighde-chaimbeul\" target=\"_blank\" rel=\"noreferrer noopener nofollow\"> tarifs \u00e0 partir de 7\u20ac <\/a>!<\/p>\n<p><strong>C\u00f4t\u00e9 festivit\u00e9s<\/strong>, tu trouveras ton bonheur ! C\u2019est ce week-end que <a href=\"https:\/\/www.bigcitynantes.fr\/que-faire-a-nantes\/lete-indien-aux-nefs\/\" target=\"_blank\" rel=\"noreferrer noopener nofollow\">l\u2019\u00e9t\u00e9 indien<\/a> d\u00e9bute <strong>aux Nefs<\/strong>. Une programmation vari\u00e9e qui d\u00e9chire : th\u00e9\u00e2tre, musique, danse, cirque, spectacles pour enfants et arts visuels, tout \u00e7a <strong>gratuitement<\/strong> ! Alors, on t\u2019avait promis des petits prix non ? <\/p>\n<p>Pour les geeks ou les plus nostalgiques, un week-end entier d\u00e9di\u00e9 au flipper ! Les\u00a0<a href=\"https:\/\/www.bigcitynantes.fr\/que-faire-a-nantes\/biennales-internationales-du-flipper-grand-salon-du-flipper-et-darcade\/\" target=\"_blank\" rel=\"noreferrer noopener nofollow\">Biennales Internationales du Flipper<\/a>\u00a0arrivent pour la premi\u00e8re fois \u00e0 Nantes du 3 au 5 octobre \u00e0 La Carri\u00e8re de Saint-Herblain. Plus de\u00a0<strong>100 flippers<\/strong>\u00a0et\u00a0<strong>30 bornes d\u2019arcade<\/strong>\u00a0seront en libre acc\u00e8s pour 12\u20ac par jour, des mod\u00e8les r\u00e9cents aux classiques vintage \ud83d\udd79\ufe0f<\/p>\n<p>Tu es ind\u00e9cis et tu veux encore plus de choix ? No problemo ! Regarde ce qui t\u2019attend avec la s\u00e9lection de <strong>Big City <\/strong>et choisis tes plans \u00e0 Nantes pour le week-end ! \u2728<\/p>\n<p>\nTous<br \/>\nmercredi<br \/>\njeudi<br \/>\nvendredi<br \/>\nsamedi<br \/>\ndimanche<br \/>\nToute la semaine<\/p>\n","protected":false},"excerpt":{"rendered":"Octobre arrive, place aux feuilles mortes aux gros plaids et aux citrouilles \ud83c\udf83 Encore une \u00e9\u00e9\u00e9\u00e9teeeernit\u00e9\u00e9\u00e9\u00e9 avant les&hellip;\n","protected":false},"author":2,"featured_media":428423,"comment_status":"","ping_status":"","sticky":false,"template":"","format":"standard","meta":{"footnotes":""},"categories":[2818],"tags":[1111,11,48554,4156,4157,1777,674,1011,27,766,12,2636,25,953,1669,3140,4064],"class_list":{"0":"post-428422","1":"post","2":"type-post","3":"status-publish","4":"format-standard","5":"has-post-thumbnail","7":"category-nantes","8":"tag-actu","9":"tag-actualites","10":"tag-carrousel","11":"tag-concerts","12":"tag-dj-sets","13":"tag-eu","14":"tag-europe","15":"tag-fr","16":"tag-france","17":"tag-nantes","18":"tag-news","19":"tag-pays-de-la-loire","20":"tag-republique-francaise","21":"tag-soiree","22":"tag-sorties","23":"tag-spectacle","24":"tag-week-end"},"share_on_mastodon":{"url":"https:\/\/pubeurope.com\/@fr\/115292894219494888","error":""},"_links":{"self":[{"href":"https:\/\/www.europesays.com\/fr\/wp-json\/wp\/v2\/posts\/428422","targetHints":{"allow":["GET"]}}],"collection":[{"href":"https:\/\/www.europesays.com\/fr\/wp-json\/wp\/v2\/posts"}],"about":[{"href":"https:\/\/www.europesays.com\/fr\/wp-json\/wp\/v2\/types\/post"}],"author":[{"embeddable":true,"href":"https:\/\/www.europesays.com\/fr\/wp-json\/wp\/v2\/users\/2"}],"replies":[{"embeddable":true,"href":"https:\/\/www.europesays.com\/fr\/wp-json\/wp\/v2\/comments?post=428422"}],"version-history":[{"count":0,"href":"https:\/\/www.europesays.com\/fr\/wp-json\/wp\/v2\/posts\/428422\/revisions"}],"wp:featuredmedia":[{"embeddable":true,"href":"https:\/\/www.europesays.com\/fr\/wp-json\/wp\/v2\/media\/428423"}],"wp:attachment":[{"href":"https:\/\/www.europesays.com\/fr\/wp-json\/wp\/v2\/media?parent=428422"}],"wp:term":[{"taxonomy":"category","embeddable":true,"href":"https:\/\/www.europesays.com\/fr\/wp-json\/wp\/v2\/categories?post=428422"},{"taxonomy":"post_tag","embeddable":true,"href":"https:\/\/www.europesays.com\/fr\/wp-json\/wp\/v2\/tags?post=428422"}],"curies":[{"name":"wp","href":"https:\/\/api.w.org\/{rel}","templated":true}]}}