{"id":428424,"date":"2025-09-30T10:58:10","date_gmt":"2025-09-30T10:58:10","guid":{"rendered":"https:\/\/www.europesays.com\/fr\/428424\/"},"modified":"2025-09-30T10:58:10","modified_gmt":"2025-09-30T10:58:10","slug":"deux-girondins-proposent-une-autre-facon-de-jouer-aux-jeux-video","status":"publish","type":"post","link":"https:\/\/www.europesays.com\/fr\/428424\/","title":{"rendered":"Deux Girondins proposent une autre fa\u00e7on de jouer aux jeux vid\u00e9o"},"content":{"rendered":"<p>Au sein du vaste domaine de la Plantation, le complexe de loisirs Ortalissa est sorti de terre. Parmi les activit\u00e9s propos\u00e9es, une salle de jeux immersive\u00a0: de l\u2019e-sport \u00ab\u00a0sorti de l\u2019\u00e9cran\u00a0\u00bb. La salle EVA (Esports Virtual Arenas) propose de prendre le contre-pied des adeptes de jeux vid\u00e9o qui pratiquent chez eux, de fa\u00e7on isol\u00e9e et s\u00e9dentaire, pour en faire une exp\u00e9rience in\u00e9dite\u00a0: faire du jeu vid\u00e9o un v\u00e9ritable sport d\u2019\u00e9quipe, \u00e0 taille r\u00e9elle.<\/p>\n<p>Les participants, casque de r\u00e9alit\u00e9 virtuelle viss\u00e9 sur la t\u00eate et r\u00e9plique d\u2019arme connect\u00e9e en main, ont 500\u00a0m\u00b2 d\u2019ar\u00e8ne pour se d\u00e9placer librement. Eva bouscule ainsi les codes de l\u2019e-sport et du loisir en cr\u00e9ant un pont entre monde virtuel et terrain de jeu grandeur nature.<\/p>\n<p>\u00ab\u00a0Une exp\u00e9rience physique, collective\u00a0\u00bb<\/p>\n<p>Le concept d\u00e9velopp\u00e9 en France permet d\u2019\u00e9voluer librement, sans c\u00e2ble, lors d\u2019une session de 40\u00a0minutes qui plonge les \u00e9quipes dans des sc\u00e9narios futuristes\u00a0: After-H, Battle Arena ou le mode Zombie Moon of the Dead. Christian Long et Ga\u00ebtan Antoine se sont alli\u00e9s dans cette aventure, n\u00e9e sur fond de valeurs communes\u00a0: la culture du jeu, l\u2019envie de cr\u00e9er du lien et une vision moderne du loisir. En d\u00e9cembre 2022, ils signent ensemble le contrat de franchise pour implanter EVA Bordeaux Sud.<\/p>\n<p>Pour Ga\u00ebtan Antoine, \u00ab\u00a0ce n\u2019est pas juste de la r\u00e9alit\u00e9 virtuelle. C\u2019est une exp\u00e9rience physique, collective, o\u00f9 chaque mouvement compte\u00a0\u00bb.<\/p>\n<p>Le concept ne s\u2019adresse pas uniquement aux gamers. En misant sur la convivialit\u00e9, l\u2019ambition est de faire d\u00e9couvrir la salle aux familles, aux entreprises\u2026 Un lieu \u00ab\u00a0vivant, accessible, o\u00f9 l\u2019on joue ensemble, vraiment\u00a0\u00bb, explique Christian Long, class\u00e9 parmi les meilleures \u00e9quipes du Counter-strike du Sud-Ouest au d\u00e9but des ann\u00e9es 2000.<\/p>\n<p>La structure de 1\u00a0000\u00a0m\u00b2 est dot\u00e9e de deux ar\u00e8nes, d\u2019espaces d\u00e9tente, d\u2019un rooftop, d\u2019un bar snacking et retransmet des matchs d\u2019e-sport en direct. Avec 14\u00a0salari\u00e9s, elle a pour objectif d\u2019accueillir 60\u00a0000\u00a0personnes par an.<\/p>\n<p>EVA\u00a0: 5,\u00a0avenue du 7e-Art. Tarifs\u00a0: 20\u00a0euros en heures creuses et 23\u00a0euros en heures pleines.<\/p>\n","protected":false},"excerpt":{"rendered":"Au sein du vaste domaine de la Plantation, le complexe de loisirs Ortalissa est sorti de terre. Parmi&hellip;\n","protected":false},"author":2,"featured_media":428425,"comment_status":"","ping_status":"","sticky":false,"template":"","format":"standard","meta":{"footnotes":""},"categories":[2817],"tags":[1111,11,1997,1777,674,1011,27,12,2219,25],"class_list":{"0":"post-428424","1":"post","2":"type-post","3":"status-publish","4":"format-standard","5":"has-post-thumbnail","7":"category-bordeaux","8":"tag-actu","9":"tag-actualites","10":"tag-bordeaux","11":"tag-eu","12":"tag-europe","13":"tag-fr","14":"tag-france","15":"tag-news","16":"tag-nouvelle-aquitaine","17":"tag-republique-francaise"},"share_on_mastodon":{"url":"https:\/\/pubeurope.com\/@fr\/115292897628067869","error":""},"_links":{"self":[{"href":"https:\/\/www.europesays.com\/fr\/wp-json\/wp\/v2\/posts\/428424","targetHints":{"allow":["GET"]}}],"collection":[{"href":"https:\/\/www.europesays.com\/fr\/wp-json\/wp\/v2\/posts"}],"about":[{"href":"https:\/\/www.europesays.com\/fr\/wp-json\/wp\/v2\/types\/post"}],"author":[{"embeddable":true,"href":"https:\/\/www.europesays.com\/fr\/wp-json\/wp\/v2\/users\/2"}],"replies":[{"embeddable":true,"href":"https:\/\/www.europesays.com\/fr\/wp-json\/wp\/v2\/comments?post=428424"}],"version-history":[{"count":0,"href":"https:\/\/www.europesays.com\/fr\/wp-json\/wp\/v2\/posts\/428424\/revisions"}],"wp:featuredmedia":[{"embeddable":true,"href":"https:\/\/www.europesays.com\/fr\/wp-json\/wp\/v2\/media\/428425"}],"wp:attachment":[{"href":"https:\/\/www.europesays.com\/fr\/wp-json\/wp\/v2\/media?parent=428424"}],"wp:term":[{"taxonomy":"category","embeddable":true,"href":"https:\/\/www.europesays.com\/fr\/wp-json\/wp\/v2\/categories?post=428424"},{"taxonomy":"post_tag","embeddable":true,"href":"https:\/\/www.europesays.com\/fr\/wp-json\/wp\/v2\/tags?post=428424"}],"curies":[{"name":"wp","href":"https:\/\/api.w.org\/{rel}","templated":true}]}}