{"id":428428,"date":"2025-09-30T11:00:19","date_gmt":"2025-09-30T11:00:19","guid":{"rendered":"https:\/\/www.europesays.com\/fr\/428428\/"},"modified":"2025-09-30T11:00:19","modified_gmt":"2025-09-30T11:00:19","slug":"vers-une-transition-energetique-locale-ambitieuse-avec-sdehg-haute-garonne-villate","status":"publish","type":"post","link":"https:\/\/www.europesays.com\/fr\/428428\/","title":{"rendered":"Vers une transition \u00e9nerg\u00e9tique locale ambitieuse avec SDEHG &#8211; Haute Garonne &#8211; Villate"},"content":{"rendered":"<p>                    <img width=\"1275\" height=\"850\" src=\"https:\/\/www.europesays.com\/fr\/wp-content\/uploads\/2025\/09\/2025-09-19-photo-CT-Villate.jpg\" class=\"img-fluid landscape wp-post-image\" alt=\"Le pr\u00e9sident Suaud  m\u00e8ne le d\u00e9bat \u00e0 Villate.\" itemprop=\"image\" decoding=\"async\" fetchpriority=\"high\"  \/>                    <\/p>\n<p itemprop=\"name\">\n                                                Le pr\u00e9sident Suaud  m\u00e8ne le d\u00e9bat \u00e0 Villate.<br \/>\n                         Cr\u00e9dits :<br \/>\n                            SGA\n                                                <\/p>\n<p><strong>Comme chaque ann\u00e9e, la SDEHG organise ses rencontres territoriales pour \u00e9changer avec les maires et les d\u00e9l\u00e9gu\u00e9s des communes sur les sujets et les enjeux d\u2019actualit\u00e9, en pr\u00e9sence des repr\u00e9sentants d\u2019Enedis et des entreprises de travaux, dans leurs projets de transition \u00e9nerg\u00e9tique. <\/strong>&#13;<br \/>\n&#13;<br \/>\nC\u2019est ainsi que Jean-Claude Garaud, Maire de Villate, a accueilli chaleureusement la rencontre territoriale du 19 septembre, en pr\u00e9sence de Thierry Suaud, accompagn\u00e9 des Vice-Pr\u00e9sidents Max Cazarr\u00e9 et Claude Sarrali\u00e9 et de ses \u00e9quipes.&#13;<br \/>\n&#13;<br \/>\nLe SDEHG a rappel\u00e9 son engagement \u00e0 soutenir les communes, notamment \u00e0 travers le programme LED++ qui vise \u00e0 r\u00e9nover l\u2019int\u00e9gralit\u00e9 du parc d\u2019\u00e9clairage public avec des luminaires LEDS \u00e0 faible consommation, permettant de r\u00e9aliser 80% d\u2019\u00e9conomie d\u2019\u00e9nergie et de r\u00e9duire significativement la pollution lumineuse. Cette rencontre a \u00e9galement permis de faire le point sur l\u2019avancement du programme du SDEHG d\u2019ombri\u00e8res photovolta\u00efques en autoconsommation.&#13;<br \/>\n&#13;<br \/>\nApr\u00e8s l\u2019installation de 14 premi\u00e8re ombri\u00e8res, une deuxi\u00e8me grappe de 15 nouvelles ombri\u00e8res est en cours de r\u00e9alisation. La baisse des tarifs d\u2019achat de l\u2019\u00e9lectricit\u00e9 produite ainsi que la toute r\u00e9cente suppression du dispositif d\u2019obligation d\u2019achat pour les ombri\u00e8res d\u2019une puissance sup\u00e9rieure \u00e0 100 kWc, remplac\u00e9 par un syst\u00e8me complexe de compl\u00e9ment de r\u00e9mun\u00e9ration, conduisent \u00e0 une nouvelle d\u00e9gradation du mod\u00e8le \u00e9conomique des ombri\u00e8res. Le Pr\u00e9sident du SDEHG, Thierry Suaud, propose de faire \u00e9voluer le programme d\u2019ombri\u00e8res du SDEHG afin de favoriser l\u2019autoconsommation collective avec la recherche d\u2019un taux d\u2019autoconsommation plus \u00e9lev\u00e9, le plus proche possible de 100%.&#13;<br \/>\n&#13;<br \/>\nCette r\u00e9union a \u00e9galement permis aux \u00e9lus de partager leurs retours d\u2019exp\u00e9rience, d\u2019exprimer leurs besoins sp\u00e9cifiques et de s\u2019informer sur les \u00e9volutions r\u00e9glementaires r\u00e9centes.<\/p>\n<p>                Cet article est r\u00e9serv\u00e9 aux abonn\u00e9s.<\/p>\n<p class=\"signature\" itemscope=\"\" itemprop=\"Author\" itemtype=\"http:\/\/schema.org\/Person\">\n                SGA\n            <\/p>\n","protected":false},"excerpt":{"rendered":"Le pr\u00e9sident Suaud m\u00e8ne le d\u00e9bat \u00e0 Villate. Cr\u00e9dits : SGA Comme chaque ann\u00e9e, la SDEHG organise ses&hellip;\n","protected":false},"author":2,"featured_media":428429,"comment_status":"","ping_status":"","sticky":false,"template":"","format":"standard","meta":{"footnotes":""},"categories":[2816],"tags":[1111,11,1777,674,1011,27,12,2680,301,25,2312],"class_list":{"0":"post-428428","1":"post","2":"type-post","3":"status-publish","4":"format-standard","5":"has-post-thumbnail","7":"category-toulouse","8":"tag-actu","9":"tag-actualites","10":"tag-eu","11":"tag-europe","12":"tag-fr","13":"tag-france","14":"tag-news","15":"tag-occitanie","16":"tag-premium","17":"tag-republique-francaise","18":"tag-toulouse"},"share_on_mastodon":{"url":"https:\/\/pubeurope.com\/@fr\/115292906008875989","error":""},"_links":{"self":[{"href":"https:\/\/www.europesays.com\/fr\/wp-json\/wp\/v2\/posts\/428428","targetHints":{"allow":["GET"]}}],"collection":[{"href":"https:\/\/www.europesays.com\/fr\/wp-json\/wp\/v2\/posts"}],"about":[{"href":"https:\/\/www.europesays.com\/fr\/wp-json\/wp\/v2\/types\/post"}],"author":[{"embeddable":true,"href":"https:\/\/www.europesays.com\/fr\/wp-json\/wp\/v2\/users\/2"}],"replies":[{"embeddable":true,"href":"https:\/\/www.europesays.com\/fr\/wp-json\/wp\/v2\/comments?post=428428"}],"version-history":[{"count":0,"href":"https:\/\/www.europesays.com\/fr\/wp-json\/wp\/v2\/posts\/428428\/revisions"}],"wp:featuredmedia":[{"embeddable":true,"href":"https:\/\/www.europesays.com\/fr\/wp-json\/wp\/v2\/media\/428429"}],"wp:attachment":[{"href":"https:\/\/www.europesays.com\/fr\/wp-json\/wp\/v2\/media?parent=428428"}],"wp:term":[{"taxonomy":"category","embeddable":true,"href":"https:\/\/www.europesays.com\/fr\/wp-json\/wp\/v2\/categories?post=428428"},{"taxonomy":"post_tag","embeddable":true,"href":"https:\/\/www.europesays.com\/fr\/wp-json\/wp\/v2\/tags?post=428428"}],"curies":[{"name":"wp","href":"https:\/\/api.w.org\/{rel}","templated":true}]}}