{"id":428432,"date":"2025-09-30T11:03:14","date_gmt":"2025-09-30T11:03:14","guid":{"rendered":"https:\/\/www.europesays.com\/fr\/428432\/"},"modified":"2025-09-30T11:03:14","modified_gmt":"2025-09-30T11:03:14","slug":"fiasco-des-nouveaux-velos-partages-voles-comme-des-petits-pains","status":"publish","type":"post","link":"https:\/\/www.europesays.com\/fr\/428432\/","title":{"rendered":"fiasco des nouveaux v\u00e9los partag\u00e9s, vol\u00e9s comme des petits pains"},"content":{"rendered":"<p>C\u2019est l\u2019histoire d\u2019un v\u00e9lo en libre-service mal n\u00e9. Celle du V\u2019lille, si fragile, qu\u2019il serait devenu la proie privil\u00e9gi\u00e9e des voleurs, qui n\u2019ont presque plus qu\u2019\u00e0 se baisser pour le ramasser. Des vols qui ont pris en seulement quelques semaines une telle ampleur, que les v\u00e9los en question ont d\u00fb \u00eatre retir\u00e9s de la circulation.<\/p>\n<p>148, c\u2019est le nombre de V\u2019ille de nouvelle g\u00e9n\u00e9ration vol\u00e9s ces derni\u00e8res semaines dans la capitale du d\u00e9partement du Nord. 148\u2026 sur 5 00 exemplaires de ce v\u00e9lo mis en libre-service \u00e0 Lille ces derni\u00e8res semaines : \u00e7a pique ! Pourtant \u00e0 sa mise en circulation, ce v\u00e9lo \u00ab\u00a0partag\u00e9\u00a0\u00bb \u00e9tait lou\u00e9 par les utilisateurs pour sa l\u00e9g\u00e8ret\u00e9 et sa maniabilit\u00e9 <strong>Des vols \u00e0 r\u00e9p\u00e9tition de ce \u00ab\u00a0biclou\u00a0\u00bb, c\u2019est le moins que l\u2019on puisse dire, avec pr\u00e8s de 34% du total de la flotte disparus<\/strong>. Un v\u00e9ritable braquage, qui a pouss\u00e9 Ilevia, le r\u00e9seau de transport de la M\u00e9tropole Europ\u00e9enne de Lille, \u00e0 suspendre ce service de <a title=\"v\u00e9los\" href=\"https:\/\/www.automobile-magazine.fr\/mobilite-verte\/article\/49563-le-plus-grand-fabricant-de-velos-au-monde-desormais-bloque-par-les-douanes-pour-de-graves-allegations\" rel=\"nofollow noopener\" target=\"_blank\">v\u00e9los<\/a> en libre-service des rues la ville, en attendant de r\u00e9gler le probl\u00e8me.<\/p>\n<p>Les vols de V&rsquo;lille ? Une formalit\u00e9 !<\/p>\n<p>Car la raison de ces tr\u00e8s nombreux vols de v\u00e9los V\u2019Lille est connue. Elle tiendrait principalement \u00e0 un d\u00e9faut \u00ab\u00a0structurel\u00a0\u00bb, indique \u00e0 ce propos le quotidien de La Voix du Nord. En l\u2019esp\u00e8ce, il serait question d\u2019une fragilit\u00e9 notoire situ\u00e9e au niveau de la patte de fixation dudit v\u00e9lo qui se clipse dans l\u2019emplacement de la borne d\u00e9die \u00e0 ce service. D\u00e8s lors, <strong>certains clients du service abandonnaient parfois, faute de mieux, leur v\u00e9lo \u00e0 une borne avec cette patte de fixation s\u2019\u00e9tant fait la belle au passage<\/strong>. R\u00e9sultat, les aigrefins n\u2019avaient m\u00eame plus besoin de beaucoup d\u2019huile de coude ou d\u2019un \u00e9quipement appropri\u00e9 pour d\u00e9tacher la bicyclette avant de repartir \u00e0 son guidon en un tournemain.<\/p>\n<p><img decoding=\"async\" loading=\"lazy\" alt=\"148 V'lille vol\u00e9s sur les 500 exemplaires mis en circulation\" src=\"https:\/\/www.europesays.com\/fr\/wp-content\/uploads\/2025\/09\/148-vlille-voles-sur-les-500-exemplaires-mis-en-circulation.jpg\" width=\"800\" height=\"449\"\/>148 V&rsquo;lille vol\u00e9s sur les 500 exemplaires mis en circulation\u00a9 IleviaVols de V&rsquo;lille : un d\u00e9p\u00f4t de plainte syst\u00e9matique<\/p>\n<p>Franck Gar\u00e7on, directeur g\u00e9n\u00e9ral d\u2019Ilevia, reconna\u00eet cette faiblesse, comme il l\u2019a indiqu\u00e9 \u00e0 nos confr\u00e8res : \u00ab\u00a0Nous devons renforcer cette partie du cadre et trouver la bonne fixation (&#8230;) Il est quand m\u00eame dommage que la tr\u00e8s grande majorit\u00e9 des utilisateurs de ce service soient p\u00e9nalis\u00e9s par quelques-uns.\u00a0\u00bb La municipalit\u00e9 lilloise, qui porte plainte \u00e0 chaque nouveau vol d&rsquo;un de ses v\u00e9los, annonce que s<strong>ur les 148 <a title=\"v\u00e9los\" href=\"https:\/\/www.automobile-magazine.fr\/mobilite-verte\/article\/48565-nouveaux-canyon-et-van-rysel-decathlon-enfin-de-bons-velos-pas-chers\" rel=\"nofollow noopener\" target=\"_blank\">v\u00e9los<\/a> vol\u00e9s, une soixantaine a d\u00e9j\u00e0 \u00e9t\u00e9 retrouv\u00e9e tandis que plusieurs interpellations de suspects ont d\u00e9j\u00e0 eu lieu<\/strong>. Les Lillois attendent d\u00e9sormais la remise en service totale du nouveau V\u2019lille, qui peut se targuer de 20 000 abonn\u00e9s, pr\u00e8s de 10 000 locations par semaine et un investissement pour la m\u00e9tropole europ\u00e9enne de Lille\u2026 de 5,5 millions d\u2019euros.<\/p>\n<p> <img decoding=\"async\" src=\"https:\/\/www.europesays.com\/fr\/wp-content\/uploads\/2025\/04\/laurent-lepsch.webp.webp\" alt=\"Laurent Lepsch\" width=\"120\" height=\"120\" class=\"visu-auteur\" loading=\"lazy\"\/><\/p>\n<p class=\"short-txt\"> Journaliste automobile digital depuis de nombreuses ann\u00e9es, j\u2019ai aussi un go\u00fbt prononc\u00e9 pour les sports m\u00e9caniques.<\/p>\n<p>  Publi\u00e9 le  30\/09\/2025 \u00e0 12:55  <\/p>\n","protected":false},"excerpt":{"rendered":"C\u2019est l\u2019histoire d\u2019un v\u00e9lo en libre-service mal n\u00e9. Celle du V\u2019lille, si fragile, qu\u2019il serait devenu la proie&hellip;\n","protected":false},"author":2,"featured_media":428433,"comment_status":"","ping_status":"","sticky":false,"template":"","format":"standard","meta":{"footnotes":""},"categories":[2815],"tags":[1111,11,1777,674,1011,27,811,1757,1307,12,25],"class_list":{"0":"post-428432","1":"post","2":"type-post","3":"status-publish","4":"format-standard","5":"has-post-thumbnail","7":"category-lille","8":"tag-actu","9":"tag-actualites","10":"tag-eu","11":"tag-europe","12":"tag-fr","13":"tag-france","14":"tag-hauts-de-france","15":"tag-insolite","16":"tag-lille","17":"tag-news","18":"tag-republique-francaise"},"share_on_mastodon":{"url":"https:\/\/pubeurope.com\/@fr\/115292917724382899","error":""},"_links":{"self":[{"href":"https:\/\/www.europesays.com\/fr\/wp-json\/wp\/v2\/posts\/428432","targetHints":{"allow":["GET"]}}],"collection":[{"href":"https:\/\/www.europesays.com\/fr\/wp-json\/wp\/v2\/posts"}],"about":[{"href":"https:\/\/www.europesays.com\/fr\/wp-json\/wp\/v2\/types\/post"}],"author":[{"embeddable":true,"href":"https:\/\/www.europesays.com\/fr\/wp-json\/wp\/v2\/users\/2"}],"replies":[{"embeddable":true,"href":"https:\/\/www.europesays.com\/fr\/wp-json\/wp\/v2\/comments?post=428432"}],"version-history":[{"count":0,"href":"https:\/\/www.europesays.com\/fr\/wp-json\/wp\/v2\/posts\/428432\/revisions"}],"wp:featuredmedia":[{"embeddable":true,"href":"https:\/\/www.europesays.com\/fr\/wp-json\/wp\/v2\/media\/428433"}],"wp:attachment":[{"href":"https:\/\/www.europesays.com\/fr\/wp-json\/wp\/v2\/media?parent=428432"}],"wp:term":[{"taxonomy":"category","embeddable":true,"href":"https:\/\/www.europesays.com\/fr\/wp-json\/wp\/v2\/categories?post=428432"},{"taxonomy":"post_tag","embeddable":true,"href":"https:\/\/www.europesays.com\/fr\/wp-json\/wp\/v2\/tags?post=428432"}],"curies":[{"name":"wp","href":"https:\/\/api.w.org\/{rel}","templated":true}]}}