{"id":428434,"date":"2025-09-30T11:04:10","date_gmt":"2025-09-30T11:04:10","guid":{"rendered":"https:\/\/www.europesays.com\/fr\/428434\/"},"modified":"2025-09-30T11:04:10","modified_gmt":"2025-09-30T11:04:10","slug":"marseille-un-violent-incendie-se-declare-dans-cette-ecole-les-eleves-evacues-durgence","status":"publish","type":"post","link":"https:\/\/www.europesays.com\/fr\/428434\/","title":{"rendered":"Marseille. Un violent incendie se d\u00e9clare dans cette \u00e9cole, les \u00e9l\u00e8ves \u00e9vacu\u00e9s d&rsquo;urgence"},"content":{"rendered":"<p>            Par<br \/>\n        <strong><br \/>\n            <a href=\"https:\/\/actu.fr\/auteur\/fabien-binacchi\" title=\"Consulter tous les articles de Fabien Binacchi\" target=\"_blank\" rel=\"noopener\">Fabien Binacchi<\/a><br \/>\n        <\/strong><\/p>\n<p>        Publi\u00e9 le<\/p>\n<p>            30 sept. 2025 \u00e0 12h55        <\/p>\n<p>Moment de panique juste avant la pause m\u00e9ridienne. Ce mardi 30\u00a0septembre 2025, les \u00e9l\u00e8ves et le personnel d\u2019<strong>une \u00e9cole du 12e arrondissement<\/strong> de <a href=\"https:\/\/actu.fr\/marseille\/\" target=\"_blank\" rel=\"noopener\">Marseille<\/a> ont \u00e9t\u00e9 \u00e9vacu\u00e9s \u00e0 cause d\u2019un incendie dans l\u2019\u00e9tablissement, apprend-on des <a href=\"https:\/\/actu.fr\/tag\/marin-pompier\" target=\"_blank\" rel=\"noopener\">marins-pompiers.<\/a><\/p>\n<p>Un feu d\u2019origine \u00e9lectrique<\/p>\n<p class=\" wall-content\">L\u2019alerte a \u00e9t\u00e9 donn\u00e9e vers 11h30. Un d\u00e9part de feu vient d\u2019\u00eatre constat\u00e9 \u00e0 l\u2019\u00e9cole maternelle de la Fourrag\u00e8re. Rapidement sur place, les marins-pompiers pr\u00e9cisent que le sinistre est d\u2019\u00ab\u2009origine \u00e9lectrique\u2009\u00bb et qu\u2019<strong>il a \u00ab\u2009pris dans la salle de repos des enseignants\u2009\u00bb.<\/strong><\/p>\n<p class=\" wall-content\">A priori, au niveau d\u2019un r\u00e9frig\u00e9rateur.<\/p>\n<p>    <a href=\"https:\/\/www.google.com\/maps\/embed?pb=!1m18!1m12!1m3!1d5806.977403290184!2d5.424081218004656!3d43.30402813400138!2m3!1f0!2f0!3f0!3m2!1i1024!2i768!4f13.1!3m3!1m2!1s0x12c9bf18d64c756b%3A0x30a1b78f8fe7a0b9!2s%C3%89cole%20primaire%20publique%20La%20Fourrag%C3%A8re!5e0!3m2!1sfr!2sfr!4v1759229364573!5m2!1sfr!2sfr\" title=\"Ouvrie le lien\" target=\"_blank\" rel=\"noopener\">Cliquez ici pour visualiser le contenu<\/a><\/p>\n<p class=\" wall-content\">Au total, <strong>128\u00a0\u00e9l\u00e8ves et 12 employ\u00e9s<\/strong> ont \u00e9t\u00e9 \u00e9vacu\u00e9s et mis en s\u00e9curit\u00e9 pendant l\u2019op\u00e9ration des secours. Ils sont indemnes. Le sinistre n\u2019a pas fait de bless\u00e9s.<\/p>\n<p>Le maire Beno\u00eet Payan sur place<\/p>\n<p class=\" wall-content\">Vers 12h30, les marins-pompiers ont finalement indiqu\u00e9 que le feu \u00e9tait \u00ab\u2009\u00e9teint\u2009\u00bb. L\u2019op\u00e9ration a <strong>mobilis\u00e9 quatorze engins et 40 soldats du feu<\/strong>.<\/p>\n<p class=\" wall-content\">Le maire <a href=\"https:\/\/actu.fr\/tag\/benoit-payan\" target=\"_blank\" rel=\"noopener\">Beno\u00eet Payan<\/a> (DVG) s\u2019est rendu sur place. Sollicit\u00e9e par actu Marseille, la Ville de Marseille n\u2019\u00e9tait pas encore en mesure de confirmer que les \u00e9l\u00e8ves pourront r\u00e9int\u00e9grer leurs classes <strong>d\u00e8s cet apr\u00e8s-midi<\/strong> ou s\u2019il faudra plut\u00f4t attendre <strong>jeudi.<\/strong><\/p>\n<p class=\" wall-content\">Personnalisez votre actualit\u00e9 en ajoutant vos villes et m\u00e9dias en favori avec <a href=\"https:\/\/moncompte.actu.fr\" title=\"D\u00e9couvez Mon Actu\" rel=\"nofollow noopener\" data-trk=\"{&quot;cta&quot;:{&quot;action&quot;:&quot;https:\\\/\\\/moncompte.actu.fr&quot;,&quot;category&quot;:&quot;mon compte&quot;,&quot;from&quot;:&quot;article footer&quot;,&quot;name&quot;:&quot;Mon actu&quot;,&quot;type&quot;:&quot;cta&quot;}}\" target=\"_blank\">Mon Actu<\/a>.<\/p>\n","protected":false},"excerpt":{"rendered":"Par Fabien Binacchi Publi\u00e9 le 30 sept. 2025 \u00e0 12h55 Moment de panique juste avant la pause m\u00e9ridienne.&hellip;\n","protected":false},"author":2,"featured_media":310073,"comment_status":"","ping_status":"","sticky":false,"template":"","format":"standard","meta":{"footnotes":""},"categories":[2814],"tags":[1111,11,4019,1777,674,118,1011,27,1310,17289,884,12,882,25],"class_list":{"0":"post-428434","1":"post","2":"type-post","3":"status-publish","4":"format-standard","5":"has-post-thumbnail","7":"category-marseille","8":"tag-actu","9":"tag-actualites","10":"tag-ecoles","11":"tag-eu","12":"tag-europe","13":"tag-faits-divers","14":"tag-fr","15":"tag-france","16":"tag-incendie","17":"tag-marin-pompier","18":"tag-marseille","19":"tag-news","20":"tag-provence-alpes-cote-dazur","21":"tag-republique-francaise"},"share_on_mastodon":{"url":"https:\/\/pubeurope.com\/@fr\/115292921225837556","error":""},"_links":{"self":[{"href":"https:\/\/www.europesays.com\/fr\/wp-json\/wp\/v2\/posts\/428434","targetHints":{"allow":["GET"]}}],"collection":[{"href":"https:\/\/www.europesays.com\/fr\/wp-json\/wp\/v2\/posts"}],"about":[{"href":"https:\/\/www.europesays.com\/fr\/wp-json\/wp\/v2\/types\/post"}],"author":[{"embeddable":true,"href":"https:\/\/www.europesays.com\/fr\/wp-json\/wp\/v2\/users\/2"}],"replies":[{"embeddable":true,"href":"https:\/\/www.europesays.com\/fr\/wp-json\/wp\/v2\/comments?post=428434"}],"version-history":[{"count":0,"href":"https:\/\/www.europesays.com\/fr\/wp-json\/wp\/v2\/posts\/428434\/revisions"}],"wp:featuredmedia":[{"embeddable":true,"href":"https:\/\/www.europesays.com\/fr\/wp-json\/wp\/v2\/media\/310073"}],"wp:attachment":[{"href":"https:\/\/www.europesays.com\/fr\/wp-json\/wp\/v2\/media?parent=428434"}],"wp:term":[{"taxonomy":"category","embeddable":true,"href":"https:\/\/www.europesays.com\/fr\/wp-json\/wp\/v2\/categories?post=428434"},{"taxonomy":"post_tag","embeddable":true,"href":"https:\/\/www.europesays.com\/fr\/wp-json\/wp\/v2\/tags?post=428434"}],"curies":[{"name":"wp","href":"https:\/\/api.w.org\/{rel}","templated":true}]}}