{"id":428435,"date":"2025-09-30T11:05:11","date_gmt":"2025-09-30T11:05:11","guid":{"rendered":"https:\/\/www.europesays.com\/fr\/428435\/"},"modified":"2025-09-30T11:05:11","modified_gmt":"2025-09-30T11:05:11","slug":"un-pont-musical-entre-le-bresil-et-les-calanques","status":"publish","type":"post","link":"https:\/\/www.europesays.com\/fr\/428435\/","title":{"rendered":"un pont musical entre le Br\u00e9sil et les calanques"},"content":{"rendered":"<p>Son nom ne vous dit sans doute pas grand-chose, pourtant Yvonne Bezzera de Mello est une p\u00e9dagogue de renom au Br\u00e9sil. Invit\u00e9e par <a href=\"https:\/\/www.laprovence.com\/article\/societe\/134565847813714\/les-petits-violons-des-calanques-a-marseille-mieux-quune-ecole-de-musique-un-projet-social\" target=\"_blank\" rel=\"noopener\">les Amis des Petits violons des calanques<\/a> et le comit\u00e9 d\u2019int\u00e9r\u00eats de quartier (CIQ) Hauts de Mazargues la Cayolle, la sociologue donnera une conf\u00e9rence sur \u00ab\u00a0\u00c9duquer par la musique\u00a0\u00bb ce vendredi 3\u00a0octobre \u00e0 la Maison de quartier de <a href=\"https:\/\/www.laprovence.com\/article\/region\/1326154251921414\/a-marseille-les-habitants-de-la-cayolle-ont-apprecie-un-ete-plus-apaise\" target=\"_blank\" rel=\"noopener\">la Cayolle<\/a>.<\/p>\n<p>Br\u00e9silienne aux origines fran\u00e7aises, Yvonne Bezzera de Mello a commenc\u00e9 \u00e0 \u0153uvrer aupr\u00e8s des enfants des favelas d\u00e8s son retour \u00e0 <a href=\"https:\/\/www.laprovence.com\/article\/france-monde\/1372369444559114\/bresil-une-production-de-film-leurre-les-reseaux-sociaux-avec-un-faux-spectacle-de-drones-face-au-christ-redempteur\" target=\"_blank\" rel=\"noopener\">Rio de Janeiro<\/a> apr\u00e8s des \u00e9tudes \u00e0 la Sorbonne, il y a pr\u00e8s d\u2019une trentaine d\u2019ann\u00e9es. S\u2019appuyant sur la musique, sa m\u00e9thode reconnue par l\u2019Unicef, consiste \u00e0 d\u00e9couper les temps d\u2019une journ\u00e9e de mani\u00e8re \u00e0 permettre aux enfants qui vivent des choses difficiles de pouvoir apprendre \u00e0 lire, \u00e9crire, d\u00e9velopper leur curiosit\u00e9, des comp\u00e9tences mentales, une app\u00e9tence pour les \u00e9tudes, et s\u2019\u00e9panouir notamment \u00e0 travers un instrument. \u00ab\u00a0La musique aide beaucoup parce qu\u2019elle fait travailler toutes les parties du cerveau qui ont trait \u00e0 la cognition, la concentration, l\u2019ou\u00efe\u2026\u00a0\u00bb, explique Yvonne Bezzera de Mello.<\/p>\n<p>Marseille et Rio, des villes fractur\u00e9es<\/p>\n<p>Des milliers de petits Br\u00e9siliens ont b\u00e9n\u00e9fici\u00e9 de ce d&#8230;<\/p>\n","protected":false},"excerpt":{"rendered":"Son nom ne vous dit sans doute pas grand-chose, pourtant Yvonne Bezzera de Mello est une p\u00e9dagogue de&hellip;\n","protected":false},"author":2,"featured_media":428436,"comment_status":"","ping_status":"","sticky":false,"template":"","format":"standard","meta":{"footnotes":""},"categories":[2814],"tags":[17,1111,11,3396,26056,55713,1777,674,1011,27,884,12,1460,5604,882,25,18150,104],"class_list":{"0":"post-428435","1":"post","2":"type-post","3":"status-publish","4":"format-standard","5":"has-post-thumbnail","7":"category-marseille","8":"tag-17","9":"tag-actu","10":"tag-actualites","11":"tag-avec","12":"tag-beaucoup","13":"tag-communs","14":"tag-eu","15":"tag-europe","16":"tag-fr","17":"tag-france","18":"tag-marseille","19":"tag-news","20":"tag-points","21":"tag-pont","22":"tag-provence-alpes-cote-dazur","23":"tag-republique-francaise","24":"tag-rio","25":"tag-societe"},"share_on_mastodon":{"url":"https:\/\/pubeurope.com\/@fr\/115292925098516799","error":""},"_links":{"self":[{"href":"https:\/\/www.europesays.com\/fr\/wp-json\/wp\/v2\/posts\/428435","targetHints":{"allow":["GET"]}}],"collection":[{"href":"https:\/\/www.europesays.com\/fr\/wp-json\/wp\/v2\/posts"}],"about":[{"href":"https:\/\/www.europesays.com\/fr\/wp-json\/wp\/v2\/types\/post"}],"author":[{"embeddable":true,"href":"https:\/\/www.europesays.com\/fr\/wp-json\/wp\/v2\/users\/2"}],"replies":[{"embeddable":true,"href":"https:\/\/www.europesays.com\/fr\/wp-json\/wp\/v2\/comments?post=428435"}],"version-history":[{"count":0,"href":"https:\/\/www.europesays.com\/fr\/wp-json\/wp\/v2\/posts\/428435\/revisions"}],"wp:featuredmedia":[{"embeddable":true,"href":"https:\/\/www.europesays.com\/fr\/wp-json\/wp\/v2\/media\/428436"}],"wp:attachment":[{"href":"https:\/\/www.europesays.com\/fr\/wp-json\/wp\/v2\/media?parent=428435"}],"wp:term":[{"taxonomy":"category","embeddable":true,"href":"https:\/\/www.europesays.com\/fr\/wp-json\/wp\/v2\/categories?post=428435"},{"taxonomy":"post_tag","embeddable":true,"href":"https:\/\/www.europesays.com\/fr\/wp-json\/wp\/v2\/tags?post=428435"}],"curies":[{"name":"wp","href":"https:\/\/api.w.org\/{rel}","templated":true}]}}