{"id":428444,"date":"2025-09-30T11:13:11","date_gmt":"2025-09-30T11:13:11","guid":{"rendered":"https:\/\/www.europesays.com\/fr\/428444\/"},"modified":"2025-09-30T11:13:11","modified_gmt":"2025-09-30T11:13:11","slug":"paris-lambassadeur-dafrique-du-sud-en-france-porte-disparu-actualites","status":"publish","type":"post","link":"https:\/\/www.europesays.com\/fr\/428444\/","title":{"rendered":"Paris : l\u2019ambassadeur d\u2019Afrique du Sud en France port\u00e9 disparu : Actualit\u00e9s"},"content":{"rendered":"<p class=\"lead \"><strong>Nkosinathi Emmanuel Mthethwa, diplomate sud-africain, est introuvable depuis lundi 29 septembre. Une enqu\u00eate a \u00e9t\u00e9 ouverte, il est activement recherch\u00e9 par la police.<\/strong><\/p>\n<p class=\"lead \">Plus aucune nouvelle de Nkosinathi Emmanuel Mthethwa, l\u2019ambassadeur d\u2019Afrique du Sud en France, selon les informations du m\u00e9dia <a href=\"https:\/\/actu17.fr\/faits-divers\/info-actu17-lambassadeur-dafrique-du-sud-porte-disparu-a-paris.html\" target=\"_blank\" rel=\"nofollow noopener\">Actu 17<\/a>. Les services de police le recherchent et une enqu\u00eate a \u00e9t\u00e9 ouverte, confi\u00e9e \u00e0 la Brigade de r\u00e9pression de la d\u00e9linquance aux personnes (BRDP) de la police judiciaire parisienne.<\/p>\n<p class=\"lead \">Selon les premi\u00e8res informations, il a disparu aux alentours de 15 heures ce lundi, moment o\u00f9 son t\u00e9l\u00e9phone portable a born\u00e9 pour la derni\u00e8re fois. Les derni\u00e8res informations sur sa localisation font \u00e9tat d\u2019une pr\u00e9sence au bois de Boulogne, \u00e0 Paris. Les autorit\u00e9s n\u2019excluent pas la piste du suicide, selon les informations du <a href=\"https:\/\/www.leparisien.fr\/faits-divers\/paris-enquete-ouverte-apres-la-disparition-de-lambassadeur-dafrique-du-sud-en-france-30-09-2025-WW6EIBSEAVGCZNVYC52ME7FE34.php\" target=\"_blank\" rel=\"nofollow noopener\">Parisien<\/a>. Avec la brigade cynophile, les policiers quadrillent actuellement le bois de l\u2019Ouest parisien.<\/p>\n<p>                                                                                                Un homme politique de premier plan<\/p>\n<p class=\"lead \"> Nkosinathi Emmanuel Mthethwa est un homme politique de premier plan, affect\u00e9 \u00e0 l\u2019ambassade de France en f\u00e9vrier 2024. Il a \u00e9t\u00e9 d\u00e9l\u00e9gu\u00e9 permanent de l\u2019Afrique du Sud \u00e0 l\u2019Unesco et a commenc\u00e9 sa carri\u00e8re en tant que militant anti-apartheid. De 1994 \u00e0 2001, il a occup\u00e9 des fonctions de secr\u00e9taire \u00e0 l\u2019organisation de la Ligue de jeunesse de l\u2019ANC (African National Congress). Il est entr\u00e9 \u00e0 l\u2019Assembl\u00e9e nationale sud-africaine en 2002.<\/p>\n<p class=\"small font-weight-bold text-gray3 \"> publi\u00e9 le 30 septembre \u00e0 13h00, L\u00e9a Petit, 6Medias<\/p>\n<p>                             Partager<\/p>\n","protected":false},"excerpt":{"rendered":"Nkosinathi Emmanuel Mthethwa, diplomate sud-africain, est introuvable depuis lundi 29 septembre. Une enqu\u00eate a \u00e9t\u00e9 ouverte, il est&hellip;\n","protected":false},"author":2,"featured_media":428445,"comment_status":"","ping_status":"","sticky":false,"template":"","format":"standard","meta":{"footnotes":""},"categories":[1888],"tags":[1111,1928,11,1927,1777,674,1011,27,12,1926,626,1925,25],"class_list":{"0":"post-428444","1":"post","2":"type-post","3":"status-publish","4":"format-standard","5":"has-post-thumbnail","7":"category-paris","8":"tag-actu","9":"tag-actu-paris","10":"tag-actualites","11":"tag-actualites-paris","12":"tag-eu","13":"tag-europe","14":"tag-fr","15":"tag-france","16":"tag-news","17":"tag-news-paris","18":"tag-paris","19":"tag-paris-news","20":"tag-republique-francaise"},"share_on_mastodon":{"url":"https:\/\/pubeurope.com\/@fr\/115292956632587736","error":""},"_links":{"self":[{"href":"https:\/\/www.europesays.com\/fr\/wp-json\/wp\/v2\/posts\/428444","targetHints":{"allow":["GET"]}}],"collection":[{"href":"https:\/\/www.europesays.com\/fr\/wp-json\/wp\/v2\/posts"}],"about":[{"href":"https:\/\/www.europesays.com\/fr\/wp-json\/wp\/v2\/types\/post"}],"author":[{"embeddable":true,"href":"https:\/\/www.europesays.com\/fr\/wp-json\/wp\/v2\/users\/2"}],"replies":[{"embeddable":true,"href":"https:\/\/www.europesays.com\/fr\/wp-json\/wp\/v2\/comments?post=428444"}],"version-history":[{"count":0,"href":"https:\/\/www.europesays.com\/fr\/wp-json\/wp\/v2\/posts\/428444\/revisions"}],"wp:featuredmedia":[{"embeddable":true,"href":"https:\/\/www.europesays.com\/fr\/wp-json\/wp\/v2\/media\/428445"}],"wp:attachment":[{"href":"https:\/\/www.europesays.com\/fr\/wp-json\/wp\/v2\/media?parent=428444"}],"wp:term":[{"taxonomy":"category","embeddable":true,"href":"https:\/\/www.europesays.com\/fr\/wp-json\/wp\/v2\/categories?post=428444"},{"taxonomy":"post_tag","embeddable":true,"href":"https:\/\/www.europesays.com\/fr\/wp-json\/wp\/v2\/tags?post=428444"}],"curies":[{"name":"wp","href":"https:\/\/api.w.org\/{rel}","templated":true}]}}