{"id":428466,"date":"2025-09-30T11:25:11","date_gmt":"2025-09-30T11:25:11","guid":{"rendered":"https:\/\/www.europesays.com\/fr\/428466\/"},"modified":"2025-09-30T11:25:11","modified_gmt":"2025-09-30T11:25:11","slug":"en-direct-plan-trump-pour-gaza-le-hamas-examine-le-texte-liberation","status":"publish","type":"post","link":"https:\/\/www.europesays.com\/fr\/428466\/","title":{"rendered":"EN DIRECT &#8211; Plan Trump pour Gaza\u00a0: le Hamas examine le texte \u2013 Lib\u00e9ration"},"content":{"rendered":"<p class=\"sc-cPiKLX AiZTS text-element\">Au lendemain de sa rencontre avec le pr\u00e9sident am\u00e9ricain, le Premier ministre isra\u00e9lien semble d\u00e9j\u00e0 faire machine arri\u00e8re. L\u2019arm\u00e9e isra\u00e9lienne \u00abNous r\u00e9cup\u00e9rerons tous nos otages, vivants et en bonne sant\u00e9, tandis que Tsahal restera dans la majeure partie de la bande de Gaza\u00bb, d\u00e9clare Benyamin N\u00e9tanyahou dans une vid\u00e9o publi\u00e9e mardi sur son compte Telegram, alors qu\u2019il avait publiquement soutenu lundi soir le plan Trump pr\u00e9voyant \u00e0 terme le d\u00e9ploiement d\u2019une \u00abforce de stabilisation internationale\u00bb dans la bande de Gaza \u00e0 mesure que l\u2019arm\u00e9e isra\u00e9lienne s\u2019en retirerait. \u00abOn nous dit : vous devez accepter les conditions du Hamas [\u2026] Tsahal doit se retirer, et le Hamas peut se renforcer, contr\u00f4ler la bande\u2026 Non, non, cela ne se passe pas ainsi\u00bb, a-t-il ajout\u00e9. <\/p>\n","protected":false},"excerpt":{"rendered":"Au lendemain de sa rencontre avec le pr\u00e9sident am\u00e9ricain, le Premier ministre isra\u00e9lien semble d\u00e9j\u00e0 faire machine arri\u00e8re.&hellip;\n","protected":false},"author":2,"featured_media":428467,"comment_status":"","ping_status":"","sticky":false,"template":"","format":"standard","meta":{"footnotes":""},"categories":[2],"tags":[11,952,75,73,1011,27,3522,3519,664,3523,12,25],"class_list":{"0":"post-428466","1":"post","2":"type-post","3":"status-publish","4":"format-standard","5":"has-post-thumbnail","7":"category-actualites","8":"tag-actualites","9":"tag-benyamin-netanyahou","10":"tag-donald-trump","11":"tag-etats-unis","12":"tag-fr","13":"tag-france","14":"tag-guerre-hamas-israel","15":"tag-hamas","16":"tag-israel","17":"tag-israel-palestine-conflit","18":"tag-news","19":"tag-republique-francaise"},"share_on_mastodon":{"url":"https:\/\/pubeurope.com\/@fr\/115293003762784244","error":""},"_links":{"self":[{"href":"https:\/\/www.europesays.com\/fr\/wp-json\/wp\/v2\/posts\/428466","targetHints":{"allow":["GET"]}}],"collection":[{"href":"https:\/\/www.europesays.com\/fr\/wp-json\/wp\/v2\/posts"}],"about":[{"href":"https:\/\/www.europesays.com\/fr\/wp-json\/wp\/v2\/types\/post"}],"author":[{"embeddable":true,"href":"https:\/\/www.europesays.com\/fr\/wp-json\/wp\/v2\/users\/2"}],"replies":[{"embeddable":true,"href":"https:\/\/www.europesays.com\/fr\/wp-json\/wp\/v2\/comments?post=428466"}],"version-history":[{"count":0,"href":"https:\/\/www.europesays.com\/fr\/wp-json\/wp\/v2\/posts\/428466\/revisions"}],"wp:featuredmedia":[{"embeddable":true,"href":"https:\/\/www.europesays.com\/fr\/wp-json\/wp\/v2\/media\/428467"}],"wp:attachment":[{"href":"https:\/\/www.europesays.com\/fr\/wp-json\/wp\/v2\/media?parent=428466"}],"wp:term":[{"taxonomy":"category","embeddable":true,"href":"https:\/\/www.europesays.com\/fr\/wp-json\/wp\/v2\/categories?post=428466"},{"taxonomy":"post_tag","embeddable":true,"href":"https:\/\/www.europesays.com\/fr\/wp-json\/wp\/v2\/tags?post=428466"}],"curies":[{"name":"wp","href":"https:\/\/api.w.org\/{rel}","templated":true}]}}