{"id":428472,"date":"2025-09-30T11:29:10","date_gmt":"2025-09-30T11:29:10","guid":{"rendered":"https:\/\/www.europesays.com\/fr\/428472\/"},"modified":"2025-09-30T11:29:10","modified_gmt":"2025-09-30T11:29:10","slug":"vers-un-casse-tete-pour-fabien-galthie-au-poste-de-demi-de-melee","status":"publish","type":"post","link":"https:\/\/www.europesays.com\/fr\/428472\/","title":{"rendered":"vers un casse-t\u00eate pour Fabien Galthi\u00e9 au poste de demi de m\u00eal\u00e9e\u00a0?"},"content":{"rendered":"<p>            Par<br \/>\n        <strong><br \/>\n            <a href=\"https:\/\/actu.fr\/auteur\/clement-mazella\" title=\"Consulter tous les articles de Cl\u00e9ment Mazella\" rel=\"nofollow noopener\" target=\"_blank\">Cl\u00e9ment Mazella<\/a><br \/>\n        <\/strong><\/p>\n<p>        Publi\u00e9 le<\/p>\n<p>            30 sept. 2025 \u00e0 12h33        <\/p>\n<p><a href=\"https:\/\/actu.fr\/sports\/rugby\/xv-de-france\/atonio-out-tatafu-blesse-qui-sera-le-pilier-droit-du-xv-de-france-en-novembre_63131588.html\" rel=\"nofollow noopener\" target=\"_blank\">Apr\u00e8s le poste de pilier<\/a>, voici un <strong>nouveau casse-t\u00eate<\/strong> pour <a href=\"https:\/\/actu.fr\/tag\/fabien-galthie\" rel=\"nofollow noopener\" target=\"_blank\">Fabien Galthi\u00e9<\/a> en vue de la <strong>tourn\u00e9e d\u2019automne<\/strong>. En effet, le s\u00e9lectionneur du <a href=\"https:\/\/actu.fr\/rugby\/xv-de-france\" rel=\"nofollow noopener\" target=\"_blank\">XV de France<\/a> doit faire face \u00e0 une h\u00e9catombe <strong>chez les n\u00b09<\/strong>. Aux blessures de Dupont (59 s\u00e9lections) et Lucu (27 s\u00e9lections) est venue s\u2019ajouter celle du Lyonnais Couilloud (17 s\u00e9lections).\u00a0<\/p>\n<p>XV de France : Dupont, Lucu et Couilloud bless\u00e9s<\/p>\n<p class=\" wall-content\">Face \u00e0 Pau le week-end dernier, Baptiste Couilloud a de nouveau \u00e9t\u00e9 touch\u00e9 \u00e0 son \u00e9paule gauche, celle qui a \u00e9t\u00e9 op\u00e9r\u00e9e en juin dernier. Il souffre d\u2019une <strong>l\u00e9sion tendineuse qui l\u2019\u00e9loignera des terrains 6 \u00e0 8 semaines<\/strong> et l\u2019emp\u00eachera donc de postuler aux tests de novembre avec les Bleus. Une \u00e9quipe de France dont il n\u2019a plus port\u00e9 le maillot depuis la tourn\u00e9e d\u2019\u00e9t\u00e9 2024 en Argentine, mais pour laquelle il est toujours un postulant cr\u00e9dible, surtout quand les choix n\u00b01 et n\u00b02 sont forfait.<\/p>\n<p class=\" wall-content\">Antoine Dupont, lui, poursuit sa r\u00e9\u00e9ducation. Depuis peu, il est au Qatar, dans la r\u00e9put\u00e9e clinique Aspetar, afin de finaliser sa remise en forme, lui qui <a href=\"https:\/\/actu.fr\/sports\/rugby\/xv-de-france\/rendez-vous-dans-quelques-mois-antoine-dupont-officialise-le-diagnostic-de-sa-blessure_62349553.html\" rel=\"nofollow noopener\" target=\"_blank\">s\u2019est rompu le ligament crois\u00e9 ant\u00e9rieur du genou gauche<\/a> face \u00e0 l\u2019Irlande en mars 2025. \u00ab\u00a0Fin novembre ou d\u00e9but d\u00e9cembre, \u00e7a ne sera pas avant cette date-l\u00e0\u00a0\u00bb, a d\u00e9clar\u00e9 le Toulousain sur PSG TV concernant sa date de reprise. Donc, pas de tourn\u00e9e d\u2019automne avec le XV de France.<\/p>\n<p class=\" wall-content\">Au sujet de Maxime Lucu, le doute subsiste. Fin ao\u00fbt, le n\u00b09 de Bordeaux a \u00e9t\u00e9 op\u00e9r\u00e9 d\u2019un pouce. Son absence \u00e9tait estim\u00e9e \u00e0 2 mois. Un retour est donc possible d\u00e8s d\u00e9but novembre. Mais le risque sera-t-il pris de l\u2019aligner, alors qu\u2019il n\u2019aura pas jou\u00e9 en match officiel depuis la finale du Top 14 fin juin, et que le premier adversaire sera l\u2019Afrique du Sud, double championne en titre ? Rien n\u2019est moins s\u00fbr.<\/p>\n<p>XV de France : avec quels n\u00b09 pour la tourn\u00e9e de novembre ?<\/p>\n<p class=\" wall-content\">Si Fabien Galthi\u00e9 doit se passer de ces trois-l\u00e0, \u00e7a va lui imposer de trouver des solutions face \u00e0 ce casse-t\u00eate. Le n\u00e9o-Rochelais <strong>Nolann Le Garrec<\/strong>, titulaire lors des 3 matchs des Bleus lors de la tourn\u00e9e d\u2019\u00e9t\u00e9 en Nouvelle-Z\u00e9lande, sera propuls\u00e9 en option n\u00b01.\u00a0<\/p>\n<p class=\" wall-content\">Derri\u00e8re lui ? Les regards sont tourn\u00e9s vers le Clermontois <strong>Baptiste Jauneau<\/strong>, mais celui-ci a perdu des points aux yeux du staff tricolore avec une entr\u00e9e en jeu jug\u00e9e tr\u00e8s d\u00e9cevante lors du premier test face aux All Blacks. Il n\u2019\u00e9tait d\u2019aucune des deux feuilles de match suivantes, d\u00e9pass\u00e9 par le Palois <strong>Thibault Daubagna<\/strong>. Confiance sera-t-elle de nouveau accord\u00e9e au B\u00e9arnais ? Bonne question. \u00c0 Toulon, un <strong>Baptiste Serin<\/strong> montre toujours qu\u2019il a du gaz. Mais il n\u2019a plus port\u00e9 le maillot bleu depuis l\u2019\u00e9t\u00e9 2024.\u00a0<\/p>\n<p class=\" wall-content\">Bref, voil\u00e0 encore du pain sur la planche pour le staff du XV de France\u2026<\/p>\n<p class=\" wall-content\">Personnalisez votre actualit\u00e9 en ajoutant vos villes et m\u00e9dias en favori avec <a href=\"https:\/\/moncompte.actu.fr\" title=\"D\u00e9couvez Mon Actu\" rel=\"nofollow noopener\" data-trk=\"{&quot;cta&quot;:{&quot;action&quot;:&quot;https:\\\/\\\/moncompte.actu.fr&quot;,&quot;category&quot;:&quot;mon compte&quot;,&quot;from&quot;:&quot;article footer&quot;,&quot;name&quot;:&quot;Mon actu&quot;,&quot;type&quot;:&quot;cta&quot;}}\" target=\"_blank\">Mon Actu<\/a>.<\/p>\n","protected":false},"excerpt":{"rendered":"Par Cl\u00e9ment Mazella Publi\u00e9 le 30 sept. 2025 \u00e0 12h33 Apr\u00e8s le poste de pilier, voici un nouveau&hellip;\n","protected":false},"author":2,"featured_media":428473,"comment_status":"","ping_status":"","sticky":false,"template":"","format":"standard","meta":{"footnotes":""},"categories":[1416],"tags":[515,1011,27,479,1468,60,513],"class_list":{"0":"post-428472","1":"post","2":"type-post","3":"status-publish","4":"format-standard","5":"has-post-thumbnail","7":"category-rugby","8":"tag-fabien-galthie","9":"tag-fr","10":"tag-france","11":"tag-rugby","12":"tag-rugby-football","13":"tag-sports","14":"tag-xv-de-france"},"share_on_mastodon":{"url":"https:\/\/pubeurope.com\/@fr\/115293019485801976","error":""},"_links":{"self":[{"href":"https:\/\/www.europesays.com\/fr\/wp-json\/wp\/v2\/posts\/428472","targetHints":{"allow":["GET"]}}],"collection":[{"href":"https:\/\/www.europesays.com\/fr\/wp-json\/wp\/v2\/posts"}],"about":[{"href":"https:\/\/www.europesays.com\/fr\/wp-json\/wp\/v2\/types\/post"}],"author":[{"embeddable":true,"href":"https:\/\/www.europesays.com\/fr\/wp-json\/wp\/v2\/users\/2"}],"replies":[{"embeddable":true,"href":"https:\/\/www.europesays.com\/fr\/wp-json\/wp\/v2\/comments?post=428472"}],"version-history":[{"count":0,"href":"https:\/\/www.europesays.com\/fr\/wp-json\/wp\/v2\/posts\/428472\/revisions"}],"wp:featuredmedia":[{"embeddable":true,"href":"https:\/\/www.europesays.com\/fr\/wp-json\/wp\/v2\/media\/428473"}],"wp:attachment":[{"href":"https:\/\/www.europesays.com\/fr\/wp-json\/wp\/v2\/media?parent=428472"}],"wp:term":[{"taxonomy":"category","embeddable":true,"href":"https:\/\/www.europesays.com\/fr\/wp-json\/wp\/v2\/categories?post=428472"},{"taxonomy":"post_tag","embeddable":true,"href":"https:\/\/www.europesays.com\/fr\/wp-json\/wp\/v2\/tags?post=428472"}],"curies":[{"name":"wp","href":"https:\/\/api.w.org\/{rel}","templated":true}]}}