{"id":428480,"date":"2025-09-30T11:35:12","date_gmt":"2025-09-30T11:35:12","guid":{"rendered":"https:\/\/www.europesays.com\/fr\/428480\/"},"modified":"2025-09-30T11:35:12","modified_gmt":"2025-09-30T11:35:12","slug":"lamine-yamal-avant-le-psg-cest-la-grosse-colere","status":"publish","type":"post","link":"https:\/\/www.europesays.com\/fr\/428480\/","title":{"rendered":"Lamine Yamal : avant le PSG, c&rsquo;est la grosse col\u00e8re"},"content":{"rendered":"<p>Cette d\u00e9marche radicale fait suite \u00e0 la <strong>r\u00e9cente blessure \u00e0 l&rsquo;aine<\/strong> de l&rsquo;attaquant et \u00e0 la <strong>col\u00e8re du club<\/strong> apr\u00e8s avoir d\u00e9couvert que le joueur de 18 ans avait aggrav\u00e9 son probl\u00e8me en jouant sous <strong>analg\u00e9siques<\/strong> lors du pr\u00e9c\u00e9dent rassemblement international.<\/p>\n<p>Un Plan pour Contourner la Convocation de l&rsquo;Espagne<\/p>\n<p>Selon un article du journal catalan ARA, le FC Barcelone cherche une strat\u00e9gie pour interdire \u00e0 Yamal de rejoindre l&rsquo;Espagne pour ses deux matchs de qualification contre la <strong>G\u00e9orgie<\/strong> et la <strong>Bulgarie<\/strong>, les 11 et 14 octobre.<\/p>\n<p>Le plan des Blaugrana est clair : l&rsquo;\u00e9quipe d&rsquo;Hansi Flick pr\u00e9voit de <strong>faire jouer Yamal<\/strong> \u2013 r\u00e9cemment revenu de sa blessure \u00e0 l&rsquo;aine lors de la victoire de dimanche contre la Real Sociedad \u2013 lors de ses rencontres cruciales de la semaine contre le <strong>Paris Saint-Germain<\/strong> (Ligue des champions) et <strong>S\u00e9ville<\/strong> (Liga). Suite \u00e0 ces matchs, le club annoncerait alors clairement l&rsquo;<strong>indisponibilit\u00e9<\/strong> du joueur pour repr\u00e9senter l&rsquo;Espagne le mois prochain.<\/p>\n<p>Cette urgence s&rsquo;explique par la frustration du FC Barcelone apr\u00e8s avoir d\u00e9couvert que Yamal avait \u00e9t\u00e9 contraint de prendre des analg\u00e9siques pour disputer les matchs de qualification de l&rsquo;Espagne contre la Bulgarie et la Turquie plus t\u00f4t ce mois-ci. Le jeune ailier, qui souffrait d\u00e9j\u00e0 d&rsquo;une affection \u00e0 l&rsquo;aine en rejoignant l&rsquo;\u00e9quipe de <strong>Luis de la Fuente<\/strong>, a <strong>aggrav\u00e9 sa blessure<\/strong>. Il a ensuite manqu\u00e9 quatre matchs cruciaux pour le FC Barcelone : trois en Liga et le premier match de Ligue des champions contre Newcastle.<\/p>\n<p>La Frustration Ouverte de Hansi Flick<\/p>\n<p>L&rsquo;entra\u00eeneur du FC Barcelone, <strong>Hansi Flick<\/strong>, n&rsquo;avait pas cach\u00e9 sa col\u00e8re apr\u00e8s avoir d\u00e9couvert les conditions dans lesquelles son joueur avait \u00e9t\u00e9 utilis\u00e9.<\/p>\n<p>Confirmant l&rsquo;absence de Yamal pour le match contre Valence en septembre, Flick avait d\u00e9clar\u00e9 aux journalistes :<\/p>\n<blockquote>\n<p>\u00ab <strong>Lamine Yamal ne sera pas disponible.<\/strong> Il est venu avec l&rsquo;\u00e9quipe nationale souffrant et ne s&rsquo;est pas entra\u00een\u00e9. On lui a donn\u00e9 des analg\u00e9siques pour jouer. Ils menaient au moins trois buts \u00e0 chaque match, et il a jou\u00e9 73 minutes et 79, et entre les matchs, il n&rsquo;a pas pu s&rsquo;entra\u00eener. <strong>Ce n&rsquo;est pas prendre soin du joueur. Je suis tr\u00e8s triste.<\/strong> \u00bb<\/p>\n<\/blockquote>\n<p>La Mise en Garde de la FIFPRO sur la Surcharge de Travail<\/p>\n<p>La saga autour de la condition physique de Yamal prend une dimension plus large avec la publication r\u00e9cente d&rsquo;un rapport par la <strong>F\u00e9d\u00e9ration internationale de football (FIFPRO)<\/strong>. L&rsquo;instance a mis en garde le Bar\u00e7a et l&rsquo;Espagne contre une <strong>gestion excessive<\/strong> de la charge de travail du jeune prodige.<\/p>\n<p>Le rapport de la FIFPRO souligne la <strong>charge de travail excessive<\/strong> impos\u00e9e \u00e0 Yamal depuis son \u00e9closion en 2023. Selon cette \u00e9tude, Yamal aurait d\u00e9j\u00e0 disput\u00e9 <strong>130 matchs \u00e0 l&rsquo;\u00e2ge de 18 ans<\/strong>, un chiffre alarmant compar\u00e9 aux <strong>40 matchs<\/strong> jou\u00e9s par la l\u00e9gende du club, <strong>Andr\u00e9s Iniesta<\/strong>, au m\u00eame \u00e2ge. Iniesta, lui, a finalement disput\u00e9 674 matchs pour le club.<\/p>\n<p><strong>Darren Burgess<\/strong>, pr\u00e9sident du r\u00e9seau de conseil haute performance de la FIFPRO, a exprim\u00e9 de s\u00e9rieuses inqui\u00e9tudes :<\/p>\n<blockquote>\n<p>\u00ab <strong>C&rsquo;est ind\u00e9niablement alarmant.<\/strong> Les exposer [les joueurs jusqu&rsquo;\u00e0 24 et 25 ans] \u00e0 une charge de travail excessive \u00e0 cette p\u00e9riode revient <strong>presque certainement \u00e0 les exposer \u00e0 un risque accru de blessure.<\/strong> \u00bb<\/p>\n<\/blockquote>\n<p>Il a ajout\u00e9, dans des propos rapport\u00e9s par le Daily Mail, que les cons\u00e9quences pouvaient \u00eatre durables pour un jeune joueur : \u00ab Les <strong>cartilages de croissance, les tendons et les ligaments<\/strong> restent vuln\u00e9rables pendant ces ann\u00e9es, et une course \u00e0 grande vitesse excessive ou des p\u00e9riodes de r\u00e9cup\u00e9ration courtes peuvent entra\u00eener des <strong>dommages structurels \u00e0 long terme<\/strong>. Le co\u00fbt psychologique ne doit pas non plus \u00eatre sous-estim\u00e9. \u00bb<\/p>\n<p>Le FC Barcelone, s&rsquo;appuyant sur ces donn\u00e9es et les pr\u00e9c\u00e9dentes n\u00e9gligences, semble donc d\u00e9termin\u00e9 \u00e0 <strong>prot\u00e9ger son joueur vedette<\/strong> en emp\u00eachant sa convocation, m\u00eame si cela implique un nouveau conflit avec la f\u00e9d\u00e9ration espagnole de football.<\/p>\n","protected":false},"excerpt":{"rendered":"Cette d\u00e9marche radicale fait suite \u00e0 la r\u00e9cente blessure \u00e0 l&rsquo;aine de l&rsquo;attaquant et \u00e0 la col\u00e8re du&hellip;\n","protected":false},"author":2,"featured_media":428481,"comment_status":"","ping_status":"","sticky":false,"template":"","format":"standard","meta":{"footnotes":""},"categories":[1410],"tags":[34081,55378,448,5695,55377,63,1011,27,447,91,60],"class_list":{"0":"post-428480","1":"post","2":"type-post","3":"status-publish","4":"format-standard","5":"has-post-thumbnail","7":"category-football","8":"tag-barcelona","9":"tag-barcelona-vs-paris-saint-germain","10":"tag-champions-league","11":"tag-fc-barcelone","12":"tag-fc-barcelone-vs-paris-saint-germain","13":"tag-football","14":"tag-fr","15":"tag-france","16":"tag-ligue-des-champions","17":"tag-paris-saint-germain","18":"tag-sports"},"share_on_mastodon":{"url":"https:\/\/pubeurope.com\/@fr\/115293043249584860","error":""},"_links":{"self":[{"href":"https:\/\/www.europesays.com\/fr\/wp-json\/wp\/v2\/posts\/428480","targetHints":{"allow":["GET"]}}],"collection":[{"href":"https:\/\/www.europesays.com\/fr\/wp-json\/wp\/v2\/posts"}],"about":[{"href":"https:\/\/www.europesays.com\/fr\/wp-json\/wp\/v2\/types\/post"}],"author":[{"embeddable":true,"href":"https:\/\/www.europesays.com\/fr\/wp-json\/wp\/v2\/users\/2"}],"replies":[{"embeddable":true,"href":"https:\/\/www.europesays.com\/fr\/wp-json\/wp\/v2\/comments?post=428480"}],"version-history":[{"count":0,"href":"https:\/\/www.europesays.com\/fr\/wp-json\/wp\/v2\/posts\/428480\/revisions"}],"wp:featuredmedia":[{"embeddable":true,"href":"https:\/\/www.europesays.com\/fr\/wp-json\/wp\/v2\/media\/428481"}],"wp:attachment":[{"href":"https:\/\/www.europesays.com\/fr\/wp-json\/wp\/v2\/media?parent=428480"}],"wp:term":[{"taxonomy":"category","embeddable":true,"href":"https:\/\/www.europesays.com\/fr\/wp-json\/wp\/v2\/categories?post=428480"},{"taxonomy":"post_tag","embeddable":true,"href":"https:\/\/www.europesays.com\/fr\/wp-json\/wp\/v2\/tags?post=428480"}],"curies":[{"name":"wp","href":"https:\/\/api.w.org\/{rel}","templated":true}]}}