{"id":428504,"date":"2025-09-30T11:47:15","date_gmt":"2025-09-30T11:47:15","guid":{"rendered":"https:\/\/www.europesays.com\/fr\/428504\/"},"modified":"2025-09-30T11:47:15","modified_gmt":"2025-09-30T11:47:15","slug":"penuries-deau-et-de-courant-manifestations-et-repression-brutale-que-se-passe-t-il-a-madagascar-liberation","status":"publish","type":"post","link":"https:\/\/www.europesays.com\/fr\/428504\/","title":{"rendered":"P\u00e9nuries d\u2019eau et de courant, manifestations et r\u00e9pression brutale : que se passe-t-il \u00e0 Madagascar &#8211; Lib\u00e9ration"},"content":{"rendered":"<ol>\n<li><a href=\"https:\/\/news.google.com\/rss\/articles\/CBMijAJBVV95cUxQZW44VndHSzZ0VHZWNFFKcXpKdDRRZTZmM1k5cFljbFppSGFOVnpkbU8tVTUxdGZCaTdMVy1zaGJTX2I1enZhcEZRVjFBT3F2RTVPUEFPWkExWlJvdUUtYUhwb2ZLNklZUXBVRFBUSHRGYkNHZFVRdU1SVlRQQWNoTm00NURObWtIaS1iTW1fbWNHMFRlSnh1aFpQYXE2WTlIS3psVU8xTkFFUmpjaW5IbVZiS3ZlNmx3WTA5YS1oek5QaVUxdllMUlBKRHBWU21BZVphb2dFRFVEbmVMekVuZEN3Wko1ZGEwSzJ6dm9zSWNkV3AtXzdJTzRhS0hYaU52YUY5RDJRWVRDTEFE?oc=5\" target=\"_blank\" rel=\"nofollow noopener\">P\u00e9nuries d\u2019eau et de courant, manifestations et r\u00e9pression brutale : que se passe-t-il \u00e0 Madagascar<\/a>&nbsp;&nbsp;Lib\u00e9ration<\/li>\n<li><a href=\"https:\/\/news.google.com\/rss\/articles\/CBMi9AFBVV95cUxQdFI5aTNMaUViZlBib2w5enFzR1dJaVUxaktzU2d4clR3OFBWN3JhYzB0dXdlbmVIS1hRZElNcmVfWktnYlNOVW9JUDl0aXdzcElfaTRfcjZIVFBHTEQyZ3Ytakc2b0ZkZ3duY2hzYmVjYi1MOUkxblN3bC1aRVREVWlrYTJXdFloSDJGZTBYQVBjVTdESk9rZG5zdWFONDVpOGZfTllEbVZYOXhnMUh6dGlIV2ZHbFhsYjNhRkFULTNUeE04aTJpUFBYRGM2RVFOaGc0UFVUWHJDaTNRVWRuMkFySzBxZjNxb2swS3BrV1hXb2xS?oc=5\" target=\"_blank\" rel=\"nofollow noopener\">Manifestations meurtri\u00e8res \u00e0 Madagascar : nouvelle mobilisation malgr\u00e9 le renvoi du gouvernement<\/a>&nbsp;&nbsp;Le Monde.fr<\/li>\n<li><a href=\"https:\/\/news.google.com\/rss\/articles\/CBMivwFBVV95cUxQRDNDMDFJa2ZVbFFxSlVMSzBZLW1jTkdpQkQ0cFBIUUxLWjA3aE1EN2tpMC1CZmhqVW5FOF8tbjljb3JoclJYODgwczFnWVVzNml3STQtYUgwb1NPalFRUkd3OFc1RkNsbjZsVlM0TkMySUZkSXQ0SmxSQ2pUaGFDT3NORUF3NDNSekw1YWl0ZlVwcWlOcFVlel9BLWdtVkE2R2JfeWluc3llcVNKTnRfYVl3LU5ic1NCclE2anU4cw?oc=5\" target=\"_blank\" rel=\"nofollow noopener\">Manifestations \u00e0 Madagascar : le pr\u00e9sident limoge son gouvernement<\/a>&nbsp;&nbsp;France 24<\/li>\n<li><a href=\"https:\/\/news.google.com\/rss\/articles\/CBMivwFBVV95cUxQZm9HcDEyRFhFbnlLV3dkdGd0SDFXaHZ5b3dYU3NiVTZYT0xMY1FCRXdWa3NYbEh2U1c4dTFLVGFlaUhQaFVoUXFoOGY4TVVVbkRxTG44M2tUckJ4ZU43MHh4bkN2bkktU3BEZVRhd0IzQ2VNaVhybElZQnNVck9NcEV2Y19yRGxFTmNvRnBlWGVtNFF2QWI5Um5xczNydGpHSS1PaVkwN2c0d1ZBV1ZZX1NqekxOMTI2bnVrbWh0dw?oc=5\" target=\"_blank\" rel=\"nofollow noopener\">R\u00e9pression, pillage\u2026 Au moins 22 morts lors des \u00e9meutes \u00e0 Madagascar<\/a>&nbsp;&nbsp;20 Minutes<\/li>\n<li><a href=\"https:\/\/news.google.com\/rss\/articles\/CBMi7wFBVV95cUxNeVpnX0JCMHgwM29OaFVrb1RvMTRWZzFLVjlpV2FzZnJGY2FDdzZieERuVXhjcmJzc2Nta3Q0VlJ6VjBVZDBmUnFoaDRvZUxvemFFYW41MVloUm9kRklzdzJCSkI2UmNQMFZkWjZkNm0yUUlyRFI5NGJnelJtd3UyN0o3a0tKRWFUVGd3VVBqSENhWnpHbVM3cFVOTUJkMHNXNW54NjE2TEN3czgzamNTZGRWalVpM1d5VEtnd2szRWZpaEMzaGZ6S0Rpem9rYW0ybUF4OTlsRkMwYVdXNnlrX1pkcUgwUWNiWWtBZ1piYw?oc=5\" target=\"_blank\" rel=\"nofollow noopener\">Madagascar, \u201cshutdown\u201d aux \u00c9tats-Unis, Serbie, jeux vid\u00e9o : les informations de la nuit<\/a>&nbsp;&nbsp;Courrier international<\/li>\n<\/ol>\n","protected":false},"excerpt":{"rendered":"P\u00e9nuries d\u2019eau et de courant, manifestations et r\u00e9pression brutale : que se passe-t-il \u00e0 Madagascar&nbsp;&nbsp;Lib\u00e9ration Manifestations meurtri\u00e8res \u00e0&hellip;\n","protected":false},"author":2,"featured_media":428505,"comment_status":"","ping_status":"","sticky":false,"template":"","format":"standard","meta":{"footnotes":""},"categories":[5],"tags":[11,1011,27,14,8459,12,28],"class_list":{"0":"post-428504","1":"post","2":"type-post","3":"status-publish","4":"format-standard","5":"has-post-thumbnail","7":"category-international","8":"tag-actualites","9":"tag-fr","10":"tag-france","11":"tag-international","12":"tag-madagascar","13":"tag-news","14":"tag-world"},"share_on_mastodon":{"url":"https:\/\/pubeurope.com\/@fr\/115293090244886793","error":""},"_links":{"self":[{"href":"https:\/\/www.europesays.com\/fr\/wp-json\/wp\/v2\/posts\/428504","targetHints":{"allow":["GET"]}}],"collection":[{"href":"https:\/\/www.europesays.com\/fr\/wp-json\/wp\/v2\/posts"}],"about":[{"href":"https:\/\/www.europesays.com\/fr\/wp-json\/wp\/v2\/types\/post"}],"author":[{"embeddable":true,"href":"https:\/\/www.europesays.com\/fr\/wp-json\/wp\/v2\/users\/2"}],"replies":[{"embeddable":true,"href":"https:\/\/www.europesays.com\/fr\/wp-json\/wp\/v2\/comments?post=428504"}],"version-history":[{"count":0,"href":"https:\/\/www.europesays.com\/fr\/wp-json\/wp\/v2\/posts\/428504\/revisions"}],"wp:featuredmedia":[{"embeddable":true,"href":"https:\/\/www.europesays.com\/fr\/wp-json\/wp\/v2\/media\/428505"}],"wp:attachment":[{"href":"https:\/\/www.europesays.com\/fr\/wp-json\/wp\/v2\/media?parent=428504"}],"wp:term":[{"taxonomy":"category","embeddable":true,"href":"https:\/\/www.europesays.com\/fr\/wp-json\/wp\/v2\/categories?post=428504"},{"taxonomy":"post_tag","embeddable":true,"href":"https:\/\/www.europesays.com\/fr\/wp-json\/wp\/v2\/tags?post=428504"}],"curies":[{"name":"wp","href":"https:\/\/api.w.org\/{rel}","templated":true}]}}