{"id":428506,"date":"2025-09-30T11:48:13","date_gmt":"2025-09-30T11:48:13","guid":{"rendered":"https:\/\/www.europesays.com\/fr\/428506\/"},"modified":"2025-09-30T11:48:13","modified_gmt":"2025-09-30T11:48:13","slug":"ce-sondage-ifop-pour-la-presidentielle-2027-met-marine-tondelier-en-colere-et-ce-nest-pas-a-cause-de-son-score","status":"publish","type":"post","link":"https:\/\/www.europesays.com\/fr\/428506\/","title":{"rendered":"Ce sondage Ifop pour la pr\u00e9sidentielle 2027\u00a0met Marine Tondelier en col\u00e8re (et ce n\u2019est pas \u00e0 cause de son score)"},"content":{"rendered":"<p>        <img decoding=\"async\" loading=\"lazy\" src=\"https:\/\/www.europesays.com\/fr\/wp-content\/uploads\/2025\/09\/9070ac2_upload-1-jab9t5gzcha2-afp-20250927-76y94mv-v1-highres-francepoliticspartiesleft.jpg\"  width=\"728\" height=\"410\" alt=\"Marine Tondelier \u00e0 Bram (Aude), le 27\u00a0septembre 2025.\"\/>  <\/p>\n<p>IDRISS BIGOU-GILLES \/ AFP<\/p>\n<p>Marine Tondelier \u00e0 Bram (Aude), le 27\u00a0septembre 2025.<\/p>\n<p class=\"asset asset-text\">POLITIQUE &#8211; Les sondages animent (beaucoup) et \u00e9lectrisent (souvent) les d\u00e9bats politiques. Le dernier publi\u00e9 lundi 29\u00a0septembre par l\u2019Ifop (pour L\u2019Opinion et Sud Radio), qui teste une dizaine de candidats probables \u00e0 la prochaine \u00e9lection pr\u00e9sidentielle, ne fait pas exception. Si <a href=\"https:\/\/www.huffingtonpost.fr\/politique\/article\/raphael-glucksmann-admet-qu-une-candidature-a-la-presidentielle-posera-un-probleme-a-lea-salame_254410.html\" rel=\"nofollow noopener\" target=\"_blank\">Rapha\u00ebl Glucksmann<\/a> et <a href=\"https:\/\/www.huffingtonpost.fr\/politique\/article\/lfi-ne-boude-pas-son-plaisir-apres-la-double-defaite-du-ps-aux-legislatives-partielles_255368.html\" rel=\"nofollow noopener\" target=\"_blank\">Jean-Luc M\u00e9lenchon<\/a> sont donn\u00e9s en t\u00eate de la gauche, aucun candidat \u00e9cologiste n\u2019appara\u00eet sur la ligne de d\u00e9part. Ce qui agace fortement la patronne du parti.<\/p>\n<p class=\"asset asset-text\">\u00ab\u00a0Dans aucune des hypoth\u00e8ses, une candidature \u00e9cologiste n\u2019a \u00e9t\u00e9 sond\u00e9e. Ce parti pris interroge, car les \u00e9cologistes ont pr\u00e9sent\u00e9 une candidature \u00e0 toutes les \u00e9lections pr\u00e9sidentielles depuis 1974, sauf en 2017\u00a0\u00bb, pointe <a href=\"https:\/\/www.huffingtonpost.fr\/politique\/article\/persuadee-de-vivre-une-histoire-d-amour-avec-marine-tondelier-une-trentenaire-condamnee-pour-harcelement_255321.html\" rel=\"nofollow noopener\" target=\"_blank\">Marine Tondelier<\/a> sur X ce mardi 30\u00a0septembre. Selon elle, \u00ab\u00a0rien n\u2019indique que les \u00e9cologistes seraient absents de la prochaine \u00e9lection pr\u00e9sidentielle\u00a0\u00bb. En effet, ils sont partie prenante d\u2019un processus de primaire avec le Parti socialiste, G\u00e9n\u00e9ration.s et l\u2019Apr\u00e8s. Cl\u00e9mentine Autain et Fran\u00e7ois Ruffin ont d\u00e9j\u00e0 fait savoir qu\u2019ils seraient candidats \u00e0 cette primaire, mais eux non plus n\u2019apparaissent pas dans le sondage.<\/p>\n<p class=\"asset asset-text\">Marine Tondelier observe que \u00ab\u00a0l\u2019Ifop n\u2019a pas choisi de sonder que les candidatures d\u00e9clar\u00e9es\u00a0\u00bb. \u00ab\u00a0Par exemple, la candidature de Dominique de Villepin est propos\u00e9e alors qu\u2019il n\u2019a jamais \u00e9t\u00e9 candidat \u00e0 la pr\u00e9sidentielle et qu\u2019il n\u2019a pas formellement annonc\u00e9 sa candidature\u00a0\u00bb. Elle d\u00e9plore un deux poids-deux mesures dans le tri des candidatures \u00e0 m\u00eame de figurer dans le sondage.<\/p>\n<p class=\"asset asset-text\">\u00ab\u00a0Dans une d\u00e9mocratie d\u00e9j\u00e0 malade, il n\u2019est pas acceptable que des instituts de sondages et leurs commanditaires se livrent \u00e0 des manipulations au moyen de m\u00e9thodologies et d\u2019hypoth\u00e8ses biais\u00e9es\u00a0\u00bb, regrette la patronne des Verts, qui r\u00e9v\u00e8le avoir d\u00e9cid\u00e9 de saisir la commission\u00a0des\u00a0sondages. Cr\u00e9\u00e9e en 1977, cette autorit\u00e9 est cens\u00e9e contr\u00f4ler les sondages \u00e9lectoraux et s\u2019assurer qu\u2019ils n\u2019entravent ni la lisibilit\u00e9 d\u2019une \u00e9lection, ni son bon d\u00e9roulement. Car on sait depuis longtemps \u00e0 quel point ces \u00e9tudes fa\u00e7onnent l\u2019opinion et influent sur le cours d\u2019une \u00e9lection.<\/p>\n<p class=\"asset asset-text\">Marine Tondelier a re\u00e7u le soutien de Manuel Bompard. \u00ab\u00a0Marine Tondelier a raison de saisir la commission des sondages. Il est temps de r\u00e9tablir la sinc\u00e9rit\u00e9 des scrutins et de d\u00e9barrasser le d\u00e9bat public des pressions orient\u00e9es des sondeurs\u00a0\u00bb, estime le coordinateur de La France insoumise, qui avait moqu\u00e9 la fiabilit\u00e9 de ce m\u00eame sondage quelques heures plus t\u00f4t, rebaptisant l\u2019Ifop en \u00ab\u00a0Opif\u00a0\u00bb. \u00ab\u00a0Qui peut croire qu\u2019un tel \u00e9chantillon est repr\u00e9sentatif\u00a0? Est-ce parce que l\u2019Ifop participe aux meetings islamophobes de Retailleau qu\u2019il supprime de son \u00e9chantillon ceux qui votent LFI\u00a0?\u00a0\u00bb, avait-il interrog\u00e9.<\/p>\n","protected":false},"excerpt":{"rendered":"IDRISS BIGOU-GILLES \/ AFP Marine Tondelier \u00e0 Bram (Aude), le 27\u00a0septembre 2025. POLITIQUE &#8211; Les sondages animent (beaucoup)&hellip;\n","protected":false},"author":2,"featured_media":428507,"comment_status":"","ping_status":"","sticky":false,"template":"","format":"standard","meta":{"footnotes":""},"categories":[4],"tags":[11,2286,1011,27,4729,12,316,26338,25,13947],"class_list":{"0":"post-428506","1":"post","2":"type-post","3":"status-publish","4":"format-standard","5":"has-post-thumbnail","7":"category-france","8":"tag-actualites","9":"tag-eelv","10":"tag-fr","11":"tag-france","12":"tag-marine-tondelier","13":"tag-news","14":"tag-politique","15":"tag-presidentielle-2027","16":"tag-republique-francaise","17":"tag-sondage"},"share_on_mastodon":{"url":"https:\/\/pubeurope.com\/@fr\/115293094385323576","error":""},"_links":{"self":[{"href":"https:\/\/www.europesays.com\/fr\/wp-json\/wp\/v2\/posts\/428506","targetHints":{"allow":["GET"]}}],"collection":[{"href":"https:\/\/www.europesays.com\/fr\/wp-json\/wp\/v2\/posts"}],"about":[{"href":"https:\/\/www.europesays.com\/fr\/wp-json\/wp\/v2\/types\/post"}],"author":[{"embeddable":true,"href":"https:\/\/www.europesays.com\/fr\/wp-json\/wp\/v2\/users\/2"}],"replies":[{"embeddable":true,"href":"https:\/\/www.europesays.com\/fr\/wp-json\/wp\/v2\/comments?post=428506"}],"version-history":[{"count":0,"href":"https:\/\/www.europesays.com\/fr\/wp-json\/wp\/v2\/posts\/428506\/revisions"}],"wp:featuredmedia":[{"embeddable":true,"href":"https:\/\/www.europesays.com\/fr\/wp-json\/wp\/v2\/media\/428507"}],"wp:attachment":[{"href":"https:\/\/www.europesays.com\/fr\/wp-json\/wp\/v2\/media?parent=428506"}],"wp:term":[{"taxonomy":"category","embeddable":true,"href":"https:\/\/www.europesays.com\/fr\/wp-json\/wp\/v2\/categories?post=428506"},{"taxonomy":"post_tag","embeddable":true,"href":"https:\/\/www.europesays.com\/fr\/wp-json\/wp\/v2\/tags?post=428506"}],"curies":[{"name":"wp","href":"https:\/\/api.w.org\/{rel}","templated":true}]}}