{"id":428524,"date":"2025-09-30T11:59:18","date_gmt":"2025-09-30T11:59:18","guid":{"rendered":"https:\/\/www.europesays.com\/fr\/428524\/"},"modified":"2025-09-30T11:59:18","modified_gmt":"2025-09-30T11:59:18","slug":"sncf-des-travaux-prevus-ce-week-end-pas-de-train-sur-une-partie-de-la-ligne-paris-rouen-le-havre","status":"publish","type":"post","link":"https:\/\/www.europesays.com\/fr\/428524\/","title":{"rendered":"SNCF. Des travaux pr\u00e9vus ce week-end, pas de train sur une partie de la ligne Paris-Rouen-Le Havre"},"content":{"rendered":"<p class=\"article__intro\">Des travaux sur la ligne Paris-Rouen-Le Havre et Rouen-Dieppe auront lieu les 4 et 5 octobre 2025. Des cars de substitution sont pr\u00e9vus entre Yvetot et Le Havre.<\/p>\n<p>\n      La Quotidienne Soci\u00e9t\u00e9\n    <\/p>\n<p>\n      De la vie quotidienne aux grands enjeux, recevez tous les jours les sujets qui font la soci\u00e9t\u00e9 locale, comme la justice, l\u2019\u00e9ducation, la sant\u00e9 et la famille.\n    <\/p>\n<p>    France T\u00e9l\u00e9visions utilise votre adresse e-mail afin de vous envoyer la newsletter \u00ab\u00a0La Quotidienne Soci\u00e9t\u00e9\u00a0\u00bb. Vous pouvez vous d\u00e9sinscrire \u00e0 tout moment via le lien en bas de cette newsletter. <a target=\"_blank\" href=\"https:\/\/www.francetelevisions.fr\/groupe\/confidentialite\/politique-de-confidentialite\/politique-de-confidentialite-de-france-televisions-6503\" rel=\"nofollow noopener\">Notre politique de confidentialit\u00e9<\/a><\/p>\n<p>Si vous devez prendre le train ce week-end en Seine-Maritime, pr\u00e9parez bien votre trajet. Une partie de la ligne Paris-Rouen-Le Havre sera ferm\u00e9e \u00e0 la circulation. Il s\u2019agit du tron\u00e7on entre Yvetot et Le Havre.<\/p>\n<p>Des cars de substitution \u00e0 r\u00e9servation obligatoire sont pr\u00e9vus le samedi matin et le dimanche \u00e0 partir de 12h.<\/p>\n<blockquote class=\"twitter-tweet\" data-media-max-width=\"560\">\n<p dir=\"ltr\" lang=\"fr\">\ud83d\udea7Travaux<br \/>\ud83d\uddd3\ufe0f Du 4 au 5\/10<br \/>Axe : Paris  Rouen  Le Havre<br \/>\ud83d\udd34 Samedi 4\/10, toute la journ\u00e9e, au dimanche 5\/10 jusqu&rsquo;\u00e0 16h, la circulation sera interrompue entre Yvetot et Le Havre.<br \/>\ud83d\ude8c Cars de substitution \u00e0 r\u00e9servation obligatoire entre Yvetot et Le Havre le samedi matin et le\u2026 <a href=\"https:\/\/t.co\/67PAjkYMuE\" rel=\"nofollow\">pic.twitter.com\/67PAjkYMuE<\/a><\/p>\n<p>\u2014 SNCF NOMAD TRAIN (@train_nomad) <a href=\"https:\/\/twitter.com\/train_nomad\/status\/1972646757768077598?ref_src=twsrc%5Etfw\" rel=\"nofollow noopener\" target=\"_blank\">September 29, 2025<\/a><\/p><\/blockquote>\n<p>Sur l\u2019axe Rouen \/ Dieppe, la circulation sera interrompue entre les deux villes. L\u00e0 aussi des cars de substitution \u00e0 r\u00e9servation obligatoire seront mis en place.<\/p>\n<p>L\u2019ensemble des travaux s\u2019\u00e9taleront entre le samedi 4 octobre toute la journ\u00e9e jusqu\u2019au dimanche 5 jusqu\u2019\u00e0 16h.<\/p>\n<p>A partir de la fin des travaux, une reprise normale de la circulation est annonc\u00e9e.<\/p>\n<p>\u00c0 partir de septembre 2025 et jusqu\u2019en f\u00e9vrier 2026, SNCF R\u00e9seau m\u00e8ne d\u2019importantes op\u00e9rations de modernisation sur l\u2019\u00e9toile ferroviaire de Rouen.<\/p>\n<p>Gr\u00e2ce \u00e0 des \u00e9quipements technologiques de pointe, 16 aiguillages seront remplac\u00e9s en un temps record : durant six week-ends, les \u00e9quipes SNCF R\u00e9seau disposeront de fen\u00eatres resserr\u00e9es de 28 heures \u00e0 43 heures selon les cas pour d\u00e9poser les anciens aiguillages, les rails, le ballast et les remplacer par de nouveaux.<\/p>\n<\/p>\n<p>Un d\u00e9fi technique et humain qui n\u00e9cessite une grande anticipation, une mobilisation d\u2019une importante \u00e9quipe, nuit et jour, et un d\u00e9roul\u00e9 chronom\u00e9tr\u00e9 pour garantir la reprise des circulations en temps et en heure.<\/p>\n<p>Cette op\u00e9ration d\u2019envergure \u00e0 10 millions d\u2019euros est int\u00e9gralement financ\u00e9e par SNCF R\u00e9seau.<\/p>\n<p>\u00a0<\/p>\n<p>  <script async src=\"https:\/\/platform.twitter.com\/widgets.js\" charset=\"utf-8\"><\/script><\/p>\n","protected":false},"excerpt":{"rendered":"Des travaux sur la ligne Paris-Rouen-Le Havre et Rouen-Dieppe auront lieu les 4 et 5 octobre 2025. Des&hellip;\n","protected":false},"author":2,"featured_media":428525,"comment_status":"","ping_status":"","sticky":false,"template":"","format":"standard","meta":{"footnotes":""},"categories":[9587],"tags":[1111,11,1777,674,1011,27,12,5161,25,9590],"class_list":{"0":"post-428524","1":"post","2":"type-post","3":"status-publish","4":"format-standard","5":"has-post-thumbnail","7":"category-rouen","8":"tag-actu","9":"tag-actualites","10":"tag-eu","11":"tag-europe","12":"tag-fr","13":"tag-france","14":"tag-news","15":"tag-normandie","16":"tag-republique-francaise","17":"tag-rouen"},"share_on_mastodon":{"url":"https:\/\/pubeurope.com\/@fr\/115293137527182885","error":""},"_links":{"self":[{"href":"https:\/\/www.europesays.com\/fr\/wp-json\/wp\/v2\/posts\/428524","targetHints":{"allow":["GET"]}}],"collection":[{"href":"https:\/\/www.europesays.com\/fr\/wp-json\/wp\/v2\/posts"}],"about":[{"href":"https:\/\/www.europesays.com\/fr\/wp-json\/wp\/v2\/types\/post"}],"author":[{"embeddable":true,"href":"https:\/\/www.europesays.com\/fr\/wp-json\/wp\/v2\/users\/2"}],"replies":[{"embeddable":true,"href":"https:\/\/www.europesays.com\/fr\/wp-json\/wp\/v2\/comments?post=428524"}],"version-history":[{"count":0,"href":"https:\/\/www.europesays.com\/fr\/wp-json\/wp\/v2\/posts\/428524\/revisions"}],"wp:featuredmedia":[{"embeddable":true,"href":"https:\/\/www.europesays.com\/fr\/wp-json\/wp\/v2\/media\/428525"}],"wp:attachment":[{"href":"https:\/\/www.europesays.com\/fr\/wp-json\/wp\/v2\/media?parent=428524"}],"wp:term":[{"taxonomy":"category","embeddable":true,"href":"https:\/\/www.europesays.com\/fr\/wp-json\/wp\/v2\/categories?post=428524"},{"taxonomy":"post_tag","embeddable":true,"href":"https:\/\/www.europesays.com\/fr\/wp-json\/wp\/v2\/tags?post=428524"}],"curies":[{"name":"wp","href":"https:\/\/api.w.org\/{rel}","templated":true}]}}