{"id":428535,"date":"2025-09-30T12:05:11","date_gmt":"2025-09-30T12:05:11","guid":{"rendered":"https:\/\/www.europesays.com\/fr\/428535\/"},"modified":"2025-09-30T12:05:11","modified_gmt":"2025-09-30T12:05:11","slug":"clientelisme-vs-valorisation-des-aines-une-affiche-avec-une-femme-voilee-divise-meme-a-gauche","status":"publish","type":"post","link":"https:\/\/www.europesays.com\/fr\/428535\/","title":{"rendered":"\u00ab\u00a0Client\u00e9lisme\u00a0\u00bb vs \u00ab\u00a0valorisation des a\u00een\u00e9s\u00a0\u00bb\u2026 Une affiche avec une femme voil\u00e9e divise, m\u00eame \u00e0 gauche"},"content":{"rendered":"<p>Ils ont fait leur apparition ces derniers jours, en m\u00eame temps que l\u2019<a href=\"https:\/\/www.20minutes.fr\/planete\/automne\/\" class=\"c-link c-link--is-underlined\" target=\"_blank\" rel=\"noopener\">automne<\/a>. Des portraits, huit pr\u00e9cis\u00e9ment, garnissent d\u00e9sormais de nombreux panneaux d\u2019affichage de <a href=\"https:\/\/www.20minutes.fr\/strasbourg\/\" class=\"c-link c-link--is-underlined\" target=\"_blank\" rel=\"noopener\">Strasbourg<\/a>. Un choix de la municipalit\u00e9 <a href=\"https:\/\/www.20minutes.fr\/politique\/eelv\/\" class=\"c-link c-link--is-underlined\" target=\"_blank\" rel=\"noopener\">\u00e9cologiste<\/a> avec un message pr\u00e9cis\u00a0: \u00ab\u00a0la douceur de ville\u00a0\u00bb de la capitale alsacienne pour les seniors. Alors Dani\u00e8le, Oogesh, Jean-Pierre, Monique, Pierre, Aline, Nadia et Nacera, tous \u00e2g\u00e9s de 66 ans ou plus, ont \u00e9t\u00e9 choisis pour poser.<\/p>\n<p>Mais un portrait a retenu davantage l\u2019attention que d\u2019autres. Celui de Nacera car\u2026 elle y porte un hijab, un voile islamique, de couleur jaune ici. Cela n\u2019a pas \u00e9chapp\u00e9 \u00e0 certains, m\u00eame non Strasbourgeois. Sur X, la militante f\u00e9ministe identitaire Alice Cordier a tr\u00e8s rapidement d\u00e9nonc\u00e9 \u00ab\u00a0une maire de la honte qui affiche une femme portant un symbole d\u2019oppression et d\u2019in\u00e9galit\u00e9.\u00a0\u00bb Et le d\u00e9bat a gagn\u00e9 les r\u00e9seaux sociaux ce week-end, jusqu\u2019\u00e0 certains plateaux de t\u00e9l\u00e9vision.<\/p>\n<\/p>\n<p>Par ricochet, la pol\u00e9mique a gagn\u00e9 Strasbourg, sur fond de campagne pour les municipales. Sur Facebook, la socialiste Pernelle Richardot, a vu dans cette affiche \u00ab\u00a0une strat\u00e9gie politique d\u00e9lib\u00e9r\u00e9e de la municipalit\u00e9 visant \u00e0 cr\u00e9er une polarisation artificielle\u00a0\u00bb et d\u00e9nonc\u00e9 \u00ab\u00a0un calcul \u00e9lectoral des plus cyniques\u00a0\u00bb.<\/p>\n<p>De quoi faire r\u00e9agir au sein m\u00eame de la majorit\u00e9. Jusqu\u2019au premier adjoint de la <a href=\"https:\/\/www.20minutes.fr\/dossier\/maire\" class=\"c-link c-link--is-underlined\" target=\"_blank\" rel=\"noopener\">maire<\/a> <a href=\"https:\/\/www.20minutes.fr\/politique\/jeanne-barseghian\/\" class=\"c-link c-link--is-underlined\" target=\"_blank\" rel=\"noopener\">Jeanne Barseghian<\/a>, Syamak Agha Babaei. \u00ab\u00a0Je lis avec sid\u00e9ration les le\u00e7ons de morale d\u2019une \u00e9lue du Parti socialiste local\u00a0\u00bb, a-t-il \u00e9crit, lui aussi sur son compte Facebook. \u00ab\u00a0Moi je vois l\u2019affiche de Nacera, 66 ans, r\u00e9alis\u00e9e dans le cadre d\u2019une campagne de valorisation de nos a\u00een\u00e9s(e) s.\u00a0Certains s\u2019en offusquent\u00a0? Moi, j\u2019y vois Strasbourg\u00a0: un sourire lumineux, une histoire de travail, de soin, de d\u00e9vouement. Des femmes comme Nacera, Fatma-Zohra, A\u00efcha, Zahia\u2026 ont gard\u00e9 nos enfants, nettoy\u00e9 nos \u00e9coles, accompagn\u00e9 nos a\u00een\u00e9s, souvent loin de leur pays d\u2019origine, parfois sans les mots de notre langue, mais avec la force tranquille de celles qui tiennent la soci\u00e9t\u00e9 debout. Elles sont aussi mes coll\u00e8gues \u00e0 l\u2019h\u00f4pital, invisibilis\u00e9es mais sans qui vous ne seriez pas soign\u00e9s. Les afficher fi\u00e8rement en ville, ce n\u2019est pas \u201cfaire pol\u00e9mique\u201d, c\u2019est rendre justice. Strasbourg est leur ville autant que la n\u00f4tre. Ici, on honore les trajectoires discr\u00e8tes, on c\u00e9l\u00e8bre celles et ceux qui ont fait de nous une communaut\u00e9. \u00c0 celles et ceux qui attisent la col\u00e8re et divisent\u00a0: nous opposons la reconnaissance et l\u2019unit\u00e9\u00a0\u00bb, a-t-il longuement d\u00e9velopp\u00e9.<\/p>\n<p class=\"mb-xxl@xs color-ultramarine font-weight-semi-bold@xs font-source-serif-pro heading-s@xs\">L\u2019acc\u00e8s \u00e0 ce contenu a \u00e9t\u00e9 bloqu\u00e9 afin de respecter votre choix de consentement<\/p>\n<p class=\"mb-m@xs text-l@xs\">En cliquant sur\u00ab J\u2019accepte \u00bb, vous acceptez le d\u00e9p\u00f4t de cookies par des services externes et aurez ainsi acc\u00e8s aux contenus de nos partenaires.<\/p>\n<p class=\"mb-xl@xs text-s@xs\">Plus d\u2019informations sur la page<a href=\"https:\/\/www.20minutes.fr\/gestion-cookies\" class=\"mx-xxs@xs color-ultramarine\" target=\"_blank\" rel=\"noopener\">Politique de gestion des cookies<\/a><\/p>\n<p>J\u2019accepte<\/p>\n<p>Fin de l\u2019histoire\u00a0? Non puisque Pernelle Richardot lui a encore r\u00e9pondu. \u00ab\u00a0La dame sur la photo a l\u2019air tout \u00e0 fait sympathique. Je pr\u00e9cise d\u2019embl\u00e9e\u00a0: ce post ne porte pas sur la question du voile dans l\u2019espace public, mais bien s\u00fbr le pros\u00e9lytisme de la municipalit\u00e9 Barseghian qui, aveugl\u00e9e par son client\u00e9lisme, mobilise son budget pour mettre en avant une religion \u00e0 Strasbourg. Je serais choqu\u00e9e de la m\u00eame mani\u00e8re si les affiches pr\u00e9sentaient une croix ostensible ou une kippa [\u2026] Mais certainement y a-t-il derri\u00e8re ce nouveau d\u00e9rapage une seconde intention plus vicieuse, celle d\u2019accentuer les clivages et de dresser les Strasbourgeois les uns contre les autres [\u2026] Ce que ce panneau illustre c\u2019est que le pire pros\u00e9lytisme n\u2019est pas religieux, il est politicien\u00a0\u00bb, a publi\u00e9 cette proche de <a href=\"https:\/\/www.20minutes.fr\/politique\/catherine-trauttmann\/\" class=\"c-link c-link--is-underlined\" target=\"_blank\" rel=\"noopener\">Catherine Trautmann<\/a>, pressentie pour briguer un nouveau mandat mais qui n\u2019a officiellement pas pr\u00e9sent\u00e9 sa candidature.<\/p>\n<p>De leur c\u00f4t\u00e9, Jean-Philippe Vetter (<a href=\"https:\/\/www.20minutes.fr\/politique\/lr\/\" class=\"c-link c-link--is-underlined\" target=\"_blank\" rel=\"noopener\">Les R\u00e9publicains<\/a>) et Pierre Jakubowicz (<a href=\"https:\/\/www.20minutes.fr\/horizons\/\" class=\"c-link c-link--is-underlined\" target=\"_blank\" rel=\"noopener\">Horizons<\/a>), qui sont eux d\u00e9j\u00e0 lanc\u00e9s dans la campagne, n\u2019ont pas r\u00e9agi. Le sujet n\u2019a pas non plus \u00e9t\u00e9 \u00e9voqu\u00e9 lundi pendant le conseil municipal.<\/p>\n","protected":false},"excerpt":{"rendered":"Ils ont fait leur apparition ces derniers jours, en m\u00eame temps que l\u2019automne. Des portraits, huit pr\u00e9cis\u00e9ment, garnissent&hellip;\n","protected":false},"author":2,"featured_media":428536,"comment_status":"","ping_status":"","sticky":false,"template":"","format":"standard","meta":{"footnotes":""},"categories":[2820],"tags":[1111,47,11,2389,2649,5848,1777,674,1011,27,775,33949,7125,12,316,15487,25,104,640],"class_list":{"0":"post-428535","1":"post","2":"type-post","3":"status-publish","4":"format-standard","5":"has-post-thumbnail","7":"category-strasbourg","8":"tag-actu","9":"tag-actualite","10":"tag-actualites","11":"tag-alsace","12":"tag-bas-rhin","13":"tag-catherine-trautmann","14":"tag-eu","15":"tag-europe","16":"tag-fr","17":"tag-france","18":"tag-grand-est","19":"tag-jean-philippe-vetter","20":"tag-jeanne-barseghian","21":"tag-news","22":"tag-politique","23":"tag-port-du-voile","24":"tag-republique-francaise","25":"tag-societe","26":"tag-strasbourg"},"share_on_mastodon":{"url":"https:\/\/pubeurope.com\/@fr\/115293161093857842","error":""},"_links":{"self":[{"href":"https:\/\/www.europesays.com\/fr\/wp-json\/wp\/v2\/posts\/428535","targetHints":{"allow":["GET"]}}],"collection":[{"href":"https:\/\/www.europesays.com\/fr\/wp-json\/wp\/v2\/posts"}],"about":[{"href":"https:\/\/www.europesays.com\/fr\/wp-json\/wp\/v2\/types\/post"}],"author":[{"embeddable":true,"href":"https:\/\/www.europesays.com\/fr\/wp-json\/wp\/v2\/users\/2"}],"replies":[{"embeddable":true,"href":"https:\/\/www.europesays.com\/fr\/wp-json\/wp\/v2\/comments?post=428535"}],"version-history":[{"count":0,"href":"https:\/\/www.europesays.com\/fr\/wp-json\/wp\/v2\/posts\/428535\/revisions"}],"wp:featuredmedia":[{"embeddable":true,"href":"https:\/\/www.europesays.com\/fr\/wp-json\/wp\/v2\/media\/428536"}],"wp:attachment":[{"href":"https:\/\/www.europesays.com\/fr\/wp-json\/wp\/v2\/media?parent=428535"}],"wp:term":[{"taxonomy":"category","embeddable":true,"href":"https:\/\/www.europesays.com\/fr\/wp-json\/wp\/v2\/categories?post=428535"},{"taxonomy":"post_tag","embeddable":true,"href":"https:\/\/www.europesays.com\/fr\/wp-json\/wp\/v2\/tags?post=428535"}],"curies":[{"name":"wp","href":"https:\/\/api.w.org\/{rel}","templated":true}]}}