{"id":428543,"date":"2025-09-30T12:10:15","date_gmt":"2025-09-30T12:10:15","guid":{"rendered":"https:\/\/www.europesays.com\/fr\/428543\/"},"modified":"2025-09-30T12:10:15","modified_gmt":"2025-09-30T12:10:15","slug":"les-parents-de-lorene-poignardee-dans-son-lycee-lancent-une-association-dediee-a-la-sante-mentale-des-jeunes","status":"publish","type":"post","link":"https:\/\/www.europesays.com\/fr\/428543\/","title":{"rendered":"les parents de Lor\u00e8ne, poignard\u00e9e dans son lyc\u00e9e, lancent une association d\u00e9di\u00e9e \u00e0 la sant\u00e9 mentale des jeunes"},"content":{"rendered":"<p>En avril, leur fille a \u00e9t\u00e9 tu\u00e9e de plusieurs coups de couteau par un lyc\u00e9en hospitalis\u00e9 en psychiatrie. Cinq mois plus tard, Effervescence vient de voir le jour. Une r\u00e9union de lancement a \u00e9t\u00e9 organis\u00e9e \u00e0 Nantes lundi soir.<\/p>\n<p class=\"fig-paragraph\">Effervescence\u00a0: tel est le nom d\u2019une nouvelle association lanc\u00e9e lundi soir \u00e0 Nantes. Initi\u00e9e par les parents de Lor\u00e8ne,\u00a0<a href=\"http:\/\/www.lefigaro.fr\/nantes\/attaque-au-couteau-a-nantes-au-lendemain-du-drame-des-interrogations-sur-le-profil-du-tueur-20250425\" target=\"_blank\" data-fig-type=\"NewsFlash\" rel=\"noopener nofollow\" data-gtm-custom-categorie=\"navigation\" data-gtm-custom-action=\"crossclick\" data-gtm-custom-label=\"Contextuel\" data-gtm-event=\"customEventSPE\" data-fig-domain=\"LEFIGARO\">une adolescente de 15 ans<\/a>\u00a0poignard\u00e9e dans son lyc\u00e9e\u00a0<a href=\"http:\/\/www.lefigaro.fr\/nantes\/nantes-les-parents-de-lorene-poignardee-dans-son-lycee-en-avril-reagissent-apres-le-meurtre-de-la-surveillante-a-nogent-20250613\" target=\"_blank\" data-fig-type=\"NewsFlash\" rel=\"noopener nofollow\" data-gtm-custom-categorie=\"navigation\" data-gtm-custom-action=\"crossclick\" data-gtm-custom-label=\"Contextuel\" data-gtm-event=\"customEventSPE\" data-fig-domain=\"LEFIGARO\">\u00e0 Nantes<\/a>\u00a0le 24 avril 2025, elle vise \u00e0 \u00e9laborer et financer des projets autour de la\u00a0<a href=\"http:\/\/www.lefigaro.fr\/faits-divers\/lyceenne-tuee-a-nantes-comment-deceler-les-problemes-de-sante-mentale-chez-les-adolescents-20250425\" target=\"_blank\" data-fig-type=\"Article\" rel=\"noopener nofollow\" data-gtm-custom-categorie=\"navigation\" data-gtm-custom-action=\"crossclick\" data-gtm-custom-label=\"Contextuel\" data-gtm-event=\"customEventSPE\" data-fig-domain=\"LEFIGARO\">sant\u00e9 mentale de la jeunesse<\/a>. \u00abCe n\u2019est pas l\u2019association des parents de Lor\u00e8ne. C\u2019est une association avec les jeunes et pour les jeunes\u00bb, a pr\u00e9cis\u00e9 le p\u00e8re de la jeune fille poignard\u00e9e par<a href=\"http:\/\/www.lefigaro.fr\/nantes\/lyceenne-tuee-a-nantes-le-suspect-etait-fascine-par-hitler-et-a-donne-57-coups-de-couteau-a-sa-victime-20250425\" target=\"_blank\" data-fig-type=\"NewsFlash\" rel=\"noopener nofollow\" data-gtm-custom-categorie=\"navigation\" data-gtm-custom-action=\"crossclick\" data-gtm-custom-label=\"Contextuel\" data-gtm-event=\"customEventSPE\" data-fig-domain=\"LEFIGARO\">\u00a0un adolescent<\/a>\u00a0hospitalis\u00e9 en psychiatrie, mais surtout secr\u00e9taire de la structure naissante, lors d\u2019une conf\u00e9rence de presse lundi soir pr\u00e9c\u00e9dant une r\u00e9union ouverte \u00e0 tous.<\/p>\n<p class=\"fig-paragraph\">Les actions men\u00e9es par l\u2019association seront financ\u00e9es dans un premier temps gr\u00e2ce aux plus de 80.000 euros r\u00e9colt\u00e9s sur\u00a0<a href=\"http:\/\/www.lefigaro.fr\/nantes\/attaque-au-couteau-a-nantes-la-cagnotte-lancee-par-les-parents-de-lorene-a-permis-de-recolter-presque-50-000-20250512\" target=\"_blank\" data-fig-type=\"NewsFlash\" rel=\"noopener nofollow\" data-gtm-custom-categorie=\"navigation\" data-gtm-custom-action=\"crossclick\" data-gtm-custom-label=\"Contextuel\" data-gtm-event=\"customEventSPE\" data-fig-domain=\"LEFIGARO\">la cagnotte<\/a>\u00a0lanc\u00e9e par la famille de Lor\u00e8ne apr\u00e8s le drame. Elles viseront entre autres \u00e0 \u00abaider les structures qui font de la pr\u00e9vention\u00bb et \u00e0 les rendre plus accessibles aux jeunes.<\/p>\n<p>                                    <a class=\"fig-a11y-skip a11y-hidden\" href=\"#fig-a11y-skip-main-inarticle\"><br \/>\n        Passer la publicit\u00e9<br \/>\n    <\/a><\/p>\n<p>\u00abOn est arriv\u00e9s au pied du mur\u00bb<\/p>\n<p class=\"fig-paragraph\">\u00abIl existe plein d\u2019initiatives int\u00e9ressantes, pas toujours facile d\u2019acc\u00e8s par manque de ressources et de financement. On s\u2019est dit qu\u2019il valait mieux chercher les trous dans la raquette et essayer d\u2019en boucher certains plut\u00f4t que d\u2019agrandir la surface\u00bb, a d\u00e9taill\u00e9 la m\u00e8re de Lor\u00e8ne, \u00e9galement pr\u00e9sidente de l\u2019association. \u00abOn est arriv\u00e9s au pied du mur, on ne peut pas continuer comme \u00e7a. Beaucoup de gens veulent avancer sur ces sujets, alors pourquoi ne pas se r\u00e9unir et faire cela ensemble\u00a0?\u00bb, a-t-elle poursuivi. Si tous les projets sont ouverts, il a d\u00e9j\u00e0 \u00e9t\u00e9 d\u00e9cid\u00e9 qu\u2019une petite partie de cette somme sera allou\u00e9e \u00e0 un projet d\u2019art-th\u00e9rapie au lyc\u00e9e Notre-Dame-de-Toutes-Aides, th\u00e9\u00e2tre du drame.<\/p>\n<p class=\"fig-paragraph\">En parall\u00e8le et pour l\u2019avenir, Effervescence comptera aussi sur le m\u00e9c\u00e9nat d\u2019entreprise et la collecte de dons lors d\u2019\u00e9v\u00e9nements. En juillet, une course solidaire intitul\u00e9e\u00a0<a href=\"http:\/\/www.lefigaro.fr\/nantes\/lorene-aurait-adore-a-nantes-une-course-organisee-en-memoire-de-la-lyceenne-tuee-devant-son-lycee-en-avril-20250702\" target=\"_blank\" data-fig-type=\"NewsFlash\" rel=\"noopener nofollow\" data-gtm-custom-categorie=\"navigation\" data-gtm-custom-action=\"crossclick\" data-gtm-custom-label=\"Contextuel\" data-gtm-event=\"customEventSPE\" data-fig-domain=\"LEFIGARO\">\u00abRun for Lor\u00e8ne\u00bb<\/a>\u00a0a \u00e9t\u00e9 organis\u00e9e et a permis de r\u00e9colter 15.000 euros. Ce rendez-vous pourrait \u00e0 l\u2019avenir \u00eatre dupliqu\u00e9 dans d\u2019autres villes de France.<\/p>\n<p>Vocation nationale<\/p>\n<p class=\"fig-paragraph\">Fin avril, Lor\u00e8ne avait \u00e9t\u00e9 mortellement poignard\u00e9e, et trois autres lyc\u00e9ens bless\u00e9s, par un \u00e9l\u00e8ve de 16 ans. Le jour m\u00eame de son interpellation, ce dernier avait rejoint un \u00e9tablissement de psychiatrie, car son \u00e9tat n\u2019avait pas \u00e9t\u00e9 jug\u00e9 compatible avec le r\u00e9gime de la garde \u00e0 vue. Quelques jours apr\u00e8s les faits, le procureur de la R\u00e9publique avait indiqu\u00e9 qu\u2019\u00abaucun mobile\u00bb ne pouvait \u00eatre \u00e9voqu\u00e9 de \u00abfa\u00e7on certaine\u00bb. \u00abCette attaque aurait sans doute pu \u00eatre \u00e9vit\u00e9e s&rsquo;il y avait eu un suivi psychologique suffisant (&#8230;) Ce drame met en \u00e9vidence le manque de prise en charge des jeunes sur le plan de la sant\u00e9 mentale\u00bb, peut-on lire sur le compte Instagram de l&rsquo;association.<\/p>\n<p class=\"fig-paragraph\">\u00abIl y a aujourd&rsquo;hui beaucoup de freins, qu&rsquo;ils soient g\u00e9ographiques, financiers ou en termes de d\u00e9lais\u00bb, a soulign\u00e9 la m\u00e8re de l&rsquo;adolescente. Les parents de Lor\u00e8ne esp\u00e8rent \u00e9galement pousser \u00ables politiques locaux et nationaux\u00bb \u00e0 se saisir de ces questions \u00abprioritaires\u00bb.<\/p>\n","protected":false},"excerpt":{"rendered":"En avril, leur fille a \u00e9t\u00e9 tu\u00e9e de plusieurs coups de couteau par un lyc\u00e9en hospitalis\u00e9 en psychiatrie.&hellip;\n","protected":false},"author":2,"featured_media":428544,"comment_status":"","ping_status":"","sticky":false,"template":"","format":"standard","meta":{"footnotes":""},"categories":[2818],"tags":[1111,11,1777,674,1011,27,766,12,2636,25,2072],"class_list":{"0":"post-428543","1":"post","2":"type-post","3":"status-publish","4":"format-standard","5":"has-post-thumbnail","7":"category-nantes","8":"tag-actu","9":"tag-actualites","10":"tag-eu","11":"tag-europe","12":"tag-fr","13":"tag-france","14":"tag-nantes","15":"tag-news","16":"tag-pays-de-la-loire","17":"tag-republique-francaise","18":"tag-sante-mentale"},"share_on_mastodon":{"url":"https:\/\/pubeurope.com\/@fr\/115293180686944861","error":""},"_links":{"self":[{"href":"https:\/\/www.europesays.com\/fr\/wp-json\/wp\/v2\/posts\/428543","targetHints":{"allow":["GET"]}}],"collection":[{"href":"https:\/\/www.europesays.com\/fr\/wp-json\/wp\/v2\/posts"}],"about":[{"href":"https:\/\/www.europesays.com\/fr\/wp-json\/wp\/v2\/types\/post"}],"author":[{"embeddable":true,"href":"https:\/\/www.europesays.com\/fr\/wp-json\/wp\/v2\/users\/2"}],"replies":[{"embeddable":true,"href":"https:\/\/www.europesays.com\/fr\/wp-json\/wp\/v2\/comments?post=428543"}],"version-history":[{"count":0,"href":"https:\/\/www.europesays.com\/fr\/wp-json\/wp\/v2\/posts\/428543\/revisions"}],"wp:featuredmedia":[{"embeddable":true,"href":"https:\/\/www.europesays.com\/fr\/wp-json\/wp\/v2\/media\/428544"}],"wp:attachment":[{"href":"https:\/\/www.europesays.com\/fr\/wp-json\/wp\/v2\/media?parent=428543"}],"wp:term":[{"taxonomy":"category","embeddable":true,"href":"https:\/\/www.europesays.com\/fr\/wp-json\/wp\/v2\/categories?post=428543"},{"taxonomy":"post_tag","embeddable":true,"href":"https:\/\/www.europesays.com\/fr\/wp-json\/wp\/v2\/tags?post=428543"}],"curies":[{"name":"wp","href":"https:\/\/api.w.org\/{rel}","templated":true}]}}