{"id":428545,"date":"2025-09-30T12:11:10","date_gmt":"2025-09-30T12:11:10","guid":{"rendered":"https:\/\/www.europesays.com\/fr\/428545\/"},"modified":"2025-09-30T12:11:10","modified_gmt":"2025-09-30T12:11:10","slug":"six-restaurants-de-gironde-sont-classes-parmi-les-50-meilleures-adresses-ecoresponsables-en-france","status":"publish","type":"post","link":"https:\/\/www.europesays.com\/fr\/428545\/","title":{"rendered":"Six restaurants de Gironde sont class\u00e9s parmi les 50 meilleures adresses \u00e9coresponsables en France"},"content":{"rendered":"<p>            Par<br \/>\n        <strong><br \/>\n            <a href=\"https:\/\/actu.fr\/auteur\/sports33\" title=\"Consulter tous les articles de Nicolas Gosselin\" target=\"_blank\" rel=\"noopener\">Nicolas Gosselin<\/a><br \/>\n        <\/strong><\/p>\n<p>        Publi\u00e9 le<\/p>\n<p>            30 sept. 2025 \u00e0 13h07        <\/p>\n<p>\u00c0 l\u2019occasion de la 5e \u00e9dition de la Green Week, lanc\u00e9e en parall\u00e8le de la Semaine du d\u00e9veloppement durable, <strong>TheFork<\/strong> a d\u00e9voil\u00e9 ce lundi 29 septembre 2025 la liste des <strong>50 meilleurs restaurants \u00e9coresponsables<\/strong> en France. On y retrouve six \u00e9tablissements bas\u00e9s en Gironde, dont quatre dans la m\u00e9tropole de Bordeaux.<\/p>\n<p class=\" wall-content\">Pour le leader europ\u00e9en de la r\u00e9servation de <a href=\"https:\/\/actu.fr\/nouvelle-aquitaine\/bordeaux_33063\/ces-dix-restaurants-sont-les-meilleurs-de-bordeaux-selon-un-classement-recent_62993031.html\" target=\"_blank\" rel=\"noopener\">restaurants<\/a>, l\u2019objectif de ce classement est de \u00ab\u00a0valoriser des<strong> adresses gourmandes<\/strong> et <strong>engag\u00e9es en faveur d\u2019une restauration plus durable\u00a0\u00bb<\/strong>.<\/p>\n<p>Propositions v\u00e9g\u00e9tariennes et circuits courts<\/p>\n<p class=\" wall-content\">\u00ab\u00a0Qu\u2019il s\u2019agisse d\u2019une <strong>valorisation du v\u00e9g\u00e9tal<\/strong> dans les assiettes \u00e0 travers notamment la <strong>proposition de recettes v\u00e9g\u00e9tariennes<\/strong> ou v\u00e9ganes ou de l\u2019<strong>utilisation de produits locaux et de saison<\/strong>, ces \u00e9tablissements incarnent une d\u00e9marche durable et responsable\u00a0\u00bb, note TheFork.<\/p>\n<p class=\" wall-content\">Parmi les restaurants s\u00e9lectionn\u00e9s en Gironde, on retrouve quatre \u00e9tablissements de la m\u00e9tropole de Bordeaux : le <strong>Peter Coffee Shop <\/strong>et <strong>Pickles<\/strong> \u00e0 Bordeaux, <strong>Le Prince Noir<\/strong> \u00e0 Lormont et <strong>Maison Pavlov<\/strong> au Bouscat.<\/p>\n<p class=\" wall-content\">Le restaurant de l\u2019<strong>H\u00f4tel Ha(a)\u00eftza<\/strong> \u00e0 La Teste-de-Buch et <strong>La Cabane<\/strong> \u00e0 Lacanau-Oc\u00e9an font partie aussi de ce top 50.<\/p>\n<p class=\" wall-content\">Pour \u00e9tablir cette liste, TheFork s\u2019est bas\u00e9 sur les meilleures notes et avis v\u00e9rifi\u00e9s des utilisateurs de son application. Cette s\u00e9lection a \u00e9galement \u00e9t\u00e9 valid\u00e9e par le label FIG, l\u2019indicateur des restaurants \u00e9coresponsables, garantissant ainsi la cr\u00e9dibilit\u00e9 et l\u2019engagement des restaurants pr\u00e9sent\u00e9s.<\/p>\n<p class=\" wall-content\">Personnalisez votre actualit\u00e9 en ajoutant vos villes et m\u00e9dias en favori avec <a href=\"https:\/\/moncompte.actu.fr\" title=\"D\u00e9couvez Mon Actu\" rel=\"nofollow noopener\" data-trk=\"{&quot;cta&quot;:{&quot;action&quot;:&quot;https:\\\/\\\/moncompte.actu.fr&quot;,&quot;category&quot;:&quot;mon compte&quot;,&quot;from&quot;:&quot;article footer&quot;,&quot;name&quot;:&quot;Mon actu&quot;,&quot;type&quot;:&quot;cta&quot;}}\" target=\"_blank\">Mon Actu<\/a>.<\/p>\n","protected":false},"excerpt":{"rendered":"Par Nicolas Gosselin Publi\u00e9 le 30 sept. 2025 \u00e0 13h07 \u00c0 l\u2019occasion de la 5e \u00e9dition de la&hellip;\n","protected":false},"author":2,"featured_media":428546,"comment_status":"","ping_status":"","sticky":false,"template":"","format":"standard","meta":{"footnotes":""},"categories":[2817],"tags":[1111,11,258,1997,902,1777,674,1011,27,12,2219,25,1340,104],"class_list":{"0":"post-428545","1":"post","2":"type-post","3":"status-publish","4":"format-standard","5":"has-post-thumbnail","7":"category-bordeaux","8":"tag-actu","9":"tag-actualites","10":"tag-alimentation","11":"tag-bordeaux","12":"tag-cuisine","13":"tag-eu","14":"tag-europe","15":"tag-fr","16":"tag-france","17":"tag-news","18":"tag-nouvelle-aquitaine","19":"tag-republique-francaise","20":"tag-restaurant","21":"tag-societe"},"share_on_mastodon":{"url":"https:\/\/pubeurope.com\/@fr\/115293184619278135","error":""},"_links":{"self":[{"href":"https:\/\/www.europesays.com\/fr\/wp-json\/wp\/v2\/posts\/428545","targetHints":{"allow":["GET"]}}],"collection":[{"href":"https:\/\/www.europesays.com\/fr\/wp-json\/wp\/v2\/posts"}],"about":[{"href":"https:\/\/www.europesays.com\/fr\/wp-json\/wp\/v2\/types\/post"}],"author":[{"embeddable":true,"href":"https:\/\/www.europesays.com\/fr\/wp-json\/wp\/v2\/users\/2"}],"replies":[{"embeddable":true,"href":"https:\/\/www.europesays.com\/fr\/wp-json\/wp\/v2\/comments?post=428545"}],"version-history":[{"count":0,"href":"https:\/\/www.europesays.com\/fr\/wp-json\/wp\/v2\/posts\/428545\/revisions"}],"wp:featuredmedia":[{"embeddable":true,"href":"https:\/\/www.europesays.com\/fr\/wp-json\/wp\/v2\/media\/428546"}],"wp:attachment":[{"href":"https:\/\/www.europesays.com\/fr\/wp-json\/wp\/v2\/media?parent=428545"}],"wp:term":[{"taxonomy":"category","embeddable":true,"href":"https:\/\/www.europesays.com\/fr\/wp-json\/wp\/v2\/categories?post=428545"},{"taxonomy":"post_tag","embeddable":true,"href":"https:\/\/www.europesays.com\/fr\/wp-json\/wp\/v2\/tags?post=428545"}],"curies":[{"name":"wp","href":"https:\/\/api.w.org\/{rel}","templated":true}]}}