{"id":428555,"date":"2025-09-30T12:16:12","date_gmt":"2025-09-30T12:16:12","guid":{"rendered":"https:\/\/www.europesays.com\/fr\/428555\/"},"modified":"2025-09-30T12:16:12","modified_gmt":"2025-09-30T12:16:12","slug":"lille-un-employe-dune-epicerie-tue-par-balles-le-maire-demande-plus-de-policiers","status":"publish","type":"post","link":"https:\/\/www.europesays.com\/fr\/428555\/","title":{"rendered":"Lille. Un employ\u00e9 d&rsquo;une \u00e9picerie tu\u00e9 par balles, le maire demande plus de policiers"},"content":{"rendered":"<p>Un employ\u00e9 d&rsquo;une \u00e9picerie a \u00e9t\u00e9 tu\u00e9 par balle, dans la nuit de lundi \u00e0 mardi, \u00e0 Lille. La victime est \u00e2g\u00e9e d&rsquo;une trentaine d&rsquo;ann\u00e9es. C&rsquo;est elle qui a appel\u00e9 les secours, apr\u00e8s minuit, pour alerter que quelqu&rsquo;un lui avait tir\u00e9 dessus. L&rsquo;homme, touch\u00e9 au thorax, a ensuite succomb\u00e9 \u00e0 ses blessures.<\/p>\n<p>Selon le maire de la ville, la piste du r\u00e8glement de comptes sur fond de <a href=\"https:\/\/www.ledauphine.com\/faits-divers-justice\/2025\/09\/02\/inondations-greve-de-la-faim-a-vendin-le-vieil-les-surveillants-face-a-la-pression-des-detenus\" target=\"_blank\" rel=\"nofollow noopener\">trafic de drogue<\/a>, est privil\u00e9gi\u00e9e. Sur X, il a d\u00e9plor\u00e9 un \u00ab drame bouleversant\u00a0\u00bb, qui redit combien \u00ab\u00a0il est urgent que l&rsquo;Etat engage tous les moyens n\u00e9cessaires pour lutter contre la violence croissante li\u00e9e aux stup\u00e9fiants \u00bb.\u00a0<\/p>\n<p>Ce contenu est bloqu\u00e9 car vous n&rsquo;avez pas accept\u00e9 les cookies et autres traceurs.<\/p>\n<p>En cliquant sur \u00ab J\u2019accepte \u00bb, les cookies et autres traceurs seront d\u00e9pos\u00e9s et vous pourrez visualiser les contenus  (<a href=\"\" class=\"consentModule_policy\" target=\"_blank\" title=\"Consulter la politique de protection des donn\u00e9es du fournisseur\">plus d&rsquo;informations<\/a>).<\/p>\n<p>En cliquant sur \u00ab J\u2019accepte tous les cookies \u00bb, vous autorisez des d\u00e9p\u00f4ts de cookies et autres traceurs pour le stockage de vos donn\u00e9es sur nos sites et applications \u00e0 des fins de personnalisation et de ciblage publicitaire.<\/p>\n<p class=\"consentModule_secondaryText\">Vous gardez la possibilit\u00e9 de retirer votre consentement \u00e0 tout moment en consultant notre <a href=\"https:\/\/www.ledauphine.com\/protection-des-donnees\" target=\"_blank\" title=\"Consulter notre politique de protection des donn\u00e9es\" rel=\"nofollow noopener\">politique de protection des donn\u00e9es<\/a>. <br \/>&#13;<br \/>\n            <a href=\"https:\/\/www.ledauphine.com\/faits-divers-justice\/2025\/09\/30\/javascript:Didomi.notice.show()\" class=\"consentModule_cmp\" rel=\"nofollow noopener\" target=\"_blank\">G\u00e9rer mes choix<\/a>&#13;\n        <\/p>\n<p>&#13;<br \/>\n                        J&rsquo;accepte&#13;<br \/>\n            J&rsquo;accepte tous les cookies&#13;\n        <\/p>\n<p class=\"typo-p1-paragraph\">L&rsquo;arme utilis\u00e9e par le suspect n&rsquo;a pas \u00e9t\u00e9 retrouv\u00e9e. Mais une douille a \u00e9t\u00e9 d\u00e9couverte derri\u00e8re le comptoir de l&rsquo;\u00e9picerie.<\/p>\n","protected":false},"excerpt":{"rendered":"Un employ\u00e9 d&rsquo;une \u00e9picerie a \u00e9t\u00e9 tu\u00e9 par balle, dans la nuit de lundi \u00e0 mardi, \u00e0 Lille.&hellip;\n","protected":false},"author":2,"featured_media":428556,"comment_status":"","ping_status":"","sticky":false,"template":"","format":"standard","meta":{"footnotes":""},"categories":[2815],"tags":[1111,11,1777,674,274,107,1011,27,329,811,1307,12,25],"class_list":{"0":"post-428555","1":"post","2":"type-post","3":"status-publish","4":"format-standard","5":"has-post-thumbnail","7":"category-lille","8":"tag-actu","9":"tag-actualites","10":"tag-eu","11":"tag-europe","12":"tag-faits-divers-justice","13":"tag-fil-info","14":"tag-fr","15":"tag-france","16":"tag-france-monde","17":"tag-hauts-de-france","18":"tag-lille","19":"tag-news","20":"tag-republique-francaise"},"share_on_mastodon":{"url":"https:\/\/pubeurope.com\/@fr\/115293204290324719","error":""},"_links":{"self":[{"href":"https:\/\/www.europesays.com\/fr\/wp-json\/wp\/v2\/posts\/428555","targetHints":{"allow":["GET"]}}],"collection":[{"href":"https:\/\/www.europesays.com\/fr\/wp-json\/wp\/v2\/posts"}],"about":[{"href":"https:\/\/www.europesays.com\/fr\/wp-json\/wp\/v2\/types\/post"}],"author":[{"embeddable":true,"href":"https:\/\/www.europesays.com\/fr\/wp-json\/wp\/v2\/users\/2"}],"replies":[{"embeddable":true,"href":"https:\/\/www.europesays.com\/fr\/wp-json\/wp\/v2\/comments?post=428555"}],"version-history":[{"count":0,"href":"https:\/\/www.europesays.com\/fr\/wp-json\/wp\/v2\/posts\/428555\/revisions"}],"wp:featuredmedia":[{"embeddable":true,"href":"https:\/\/www.europesays.com\/fr\/wp-json\/wp\/v2\/media\/428556"}],"wp:attachment":[{"href":"https:\/\/www.europesays.com\/fr\/wp-json\/wp\/v2\/media?parent=428555"}],"wp:term":[{"taxonomy":"category","embeddable":true,"href":"https:\/\/www.europesays.com\/fr\/wp-json\/wp\/v2\/categories?post=428555"},{"taxonomy":"post_tag","embeddable":true,"href":"https:\/\/www.europesays.com\/fr\/wp-json\/wp\/v2\/tags?post=428555"}],"curies":[{"name":"wp","href":"https:\/\/api.w.org\/{rel}","templated":true}]}}