{"id":428559,"date":"2025-09-30T12:18:11","date_gmt":"2025-09-30T12:18:11","guid":{"rendered":"https:\/\/www.europesays.com\/fr\/428559\/"},"modified":"2025-09-30T12:18:11","modified_gmt":"2025-09-30T12:18:11","slug":"pres-de-130-enfants-evacues-apres-un-debut-dincendie-dans-une-ecole-maternelle","status":"publish","type":"post","link":"https:\/\/www.europesays.com\/fr\/428559\/","title":{"rendered":"Pr\u00e8s de 130 enfants \u00e9vacu\u00e9s apr\u00e8s un d\u00e9but d\u2019incendie dans une \u00e9cole maternelle"},"content":{"rendered":"<p>Un moment de frayeur. Mardi en fin de matin\u00e9e, un d\u00e9but d\u2019<a href=\"https:\/\/www.20minutes.fr\/dossier\/incendie\" class=\"c-link c-link--is-underlined\" target=\"_blank\" rel=\"noopener\">incendie<\/a> s\u2019est d\u00e9clar\u00e9 au sein de l\u2019<a href=\"https:\/\/www.20minutes.fr\/dossier\/ecole_maternelle\" class=\"c-link c-link--is-underlined\" target=\"_blank\" rel=\"noopener\">\u00e9cole maternelle<\/a> de la Fourrag\u00e8re situ\u00e9e dans le 12e\u00a0arrondissement de <a href=\"https:\/\/www.20minutes.fr\/marseille\/\" class=\"c-link c-link--is-underlined\" target=\"_blank\" rel=\"noopener\">Marseille<\/a>, a appris 20 Minutes des marins-pompiers.<\/p>\n<p>Le feu, d\u2019origine \u00e9lectrique, est parti de la salle de repos des enseignants, provoquant l\u2019\u00e9vacuation de 128 \u00e9l\u00e8ves et d\u2019une douzaine d\u2019employ\u00e9s. Aucune victime n\u2019est \u00e0 d\u00e9plorer.<\/p>\n<\/p>\n<p>Le maire se rend sur place<\/p>\n<p>Arriv\u00e9s rapidement sur les lieux, avec la police municipale, quarante marins-pompiers assist\u00e9s de quatorze engins ont pu venir \u00e0 bout des flammes et s\u00e9curiser la zone. Le feu est d\u00e9sormais \u00e9teint.<\/p>\n<p>Le maire de Marseille, <a href=\"https:\/\/www.20minutes.fr\/marseille\/benoit-payan\/\" class=\"c-link c-link--is-underlined\" target=\"_blank\" rel=\"noopener\">Beno\u00eet Payan<\/a> (DVG), s\u2019est rendu sur place. \u00ab\u00a0Je tiens \u00e0 f\u00e9liciter la directrice de l\u2019\u00e9cole maternelle et le directeur de l\u2019\u00e9cole \u00e9l\u00e9mentaire avec qui je me suis imm\u00e9diatement entretenu pour leur professionnalisme qui a permis la mise en s\u00e9curit\u00e9 imm\u00e9diate des enfants\u00a0\u00bb, a \u00e9galement salu\u00e9 sur son compte X, Sylvain Souvestre, maire des 11 et 12e arrondissements.<\/p>\n","protected":false},"excerpt":{"rendered":"Un moment de frayeur. Mardi en fin de matin\u00e9e, un d\u00e9but d\u2019incendie s\u2019est d\u00e9clar\u00e9 au sein de l\u2019\u00e9cole&hellip;\n","protected":false},"author":2,"featured_media":428560,"comment_status":"","ping_status":"","sticky":false,"template":"","format":"standard","meta":{"footnotes":""},"categories":[2814],"tags":[1111,47,11,885,1122,1121,1777,674,118,7505,1011,27,1310,884,12,883,1311,882,1306,25],"class_list":{"0":"post-428559","1":"post","2":"type-post","3":"status-publish","4":"format-standard","5":"has-post-thumbnail","7":"category-marseille","8":"tag-actu","9":"tag-actualite","10":"tag-actualites","11":"tag-bouches-du-rhone","12":"tag-ecole","13":"tag-eleves","14":"tag-eu","15":"tag-europe","16":"tag-faits-divers","17":"tag-faits-divers-marseille","18":"tag-fr","19":"tag-france","20":"tag-incendie","21":"tag-marseille","22":"tag-news","23":"tag-paca","24":"tag-pompiers","25":"tag-provence-alpes-cote-dazur","26":"tag-regions","27":"tag-republique-francaise"},"share_on_mastodon":{"url":"https:\/\/pubeurope.com\/@fr\/115293212222141912","error":""},"_links":{"self":[{"href":"https:\/\/www.europesays.com\/fr\/wp-json\/wp\/v2\/posts\/428559","targetHints":{"allow":["GET"]}}],"collection":[{"href":"https:\/\/www.europesays.com\/fr\/wp-json\/wp\/v2\/posts"}],"about":[{"href":"https:\/\/www.europesays.com\/fr\/wp-json\/wp\/v2\/types\/post"}],"author":[{"embeddable":true,"href":"https:\/\/www.europesays.com\/fr\/wp-json\/wp\/v2\/users\/2"}],"replies":[{"embeddable":true,"href":"https:\/\/www.europesays.com\/fr\/wp-json\/wp\/v2\/comments?post=428559"}],"version-history":[{"count":0,"href":"https:\/\/www.europesays.com\/fr\/wp-json\/wp\/v2\/posts\/428559\/revisions"}],"wp:featuredmedia":[{"embeddable":true,"href":"https:\/\/www.europesays.com\/fr\/wp-json\/wp\/v2\/media\/428560"}],"wp:attachment":[{"href":"https:\/\/www.europesays.com\/fr\/wp-json\/wp\/v2\/media?parent=428559"}],"wp:term":[{"taxonomy":"category","embeddable":true,"href":"https:\/\/www.europesays.com\/fr\/wp-json\/wp\/v2\/categories?post=428559"},{"taxonomy":"post_tag","embeddable":true,"href":"https:\/\/www.europesays.com\/fr\/wp-json\/wp\/v2\/tags?post=428559"}],"curies":[{"name":"wp","href":"https:\/\/api.w.org\/{rel}","templated":true}]}}