{"id":428569,"date":"2025-09-30T12:23:12","date_gmt":"2025-09-30T12:23:12","guid":{"rendered":"https:\/\/www.europesays.com\/fr\/428569\/"},"modified":"2025-09-30T12:23:12","modified_gmt":"2025-09-30T12:23:12","slug":"une-explosion-dans-un-restaurant-du-centre-ville-fait-trois-blesses","status":"publish","type":"post","link":"https:\/\/www.europesays.com\/fr\/428569\/","title":{"rendered":"une explosion dans un restaurant du centre-ville fait trois bless\u00e9s"},"content":{"rendered":"<p>                          <img loading=\"lazy\" decoding=\"async\" src=\"https:\/\/www.europesays.com\/fr\/wp-content\/uploads\/2025\/09\/8dafb36_ftp-import-images-1-fnb9r5jz1bii-5038528-01-06.jpg\" alt=\"Une membre de la police scientifique devant le restaurant lyonnais o\u00f9 a eu lieu une explosion, le 30\u00a0septembre\u00a02025.\"   width=\"664\" height=\"443\"\/>    Une membre de la police scientifique devant le restaurant lyonnais o\u00f9 a eu lieu une explosion, le 30\u00a0septembre\u00a02025.  OLIVIER CHASSIGNOLE \/ AFP                          <\/p>\n<p class=\"article__paragraph  \">Une explosion est survenue mardi 30\u00a0septembre en fin de matin\u00e9e dans la cuisine d\u2019un restaurant situ\u00e9 rue de la Monnaie, dans le 2e arrondissement de Lyon, a signal\u00e9 la pr\u00e9fecture d\u2019Auvergne-Rh\u00f4ne-Alpes sur X.<\/p>\n<p class=\"article__paragraph  \">Trois personnes ont \u00e9t\u00e9 bless\u00e9es, dont deux gravement, et toutes ont \u00e9t\u00e9 transport\u00e9es \u00e0 l\u2019h\u00f4pital. Selon le maire de Lyon, Gr\u00e9gory Doucet, il s\u2019agit de trois employ\u00e9s de ce restaurant, Casabea. \u00ab\u00a0J\u2019apporte mon soutien \u00e0 cette \u00e9quipe, touch\u00e9e en pleine pr\u00e9paration du service de midi, et je salue l\u2019intervention rapide des secours\u00a0\u00bb, a ajout\u00e9 l\u2019\u00e9lu \u00e9cologiste, sur Instagram.<\/p>\n<p class=\"article__paragraph  \">Les raisons de l\u2019explosion ne sont pas encore connues. Un p\u00e9rim\u00e8tre de s\u00e9curit\u00e9 a \u00e9t\u00e9 mis en place et la pr\u00e9fecture recommande d\u2019\u00e9viter de se rendre dans le secteur.<\/p>\n<p class=\"author__detail\">  Le Monde  <\/p>\n<p>L\u2019espace des contributions est r\u00e9serv\u00e9 aux abonn\u00e9s.<\/p>\n<p>Abonnez-vous pour acc\u00e9der \u00e0 cet espace d\u2019\u00e9change et contribuer \u00e0 la discussion.<\/p>\n<p>    <a href=\"https:\/\/abo.lemonde.fr\/?edi_medium=BOUTONS_LMFR&amp;edi_campaign=CONTRIBUTION_ARTICLE\" class=\"btn btn--premium js-btn-premium\" rel=\"nofollow noopener\" target=\"_blank\">S\u2019abonner<\/a>          <\/p>\n<p class=\"comments__active comments__tooltip\">Contribuer<\/p>\n<p>      <a href=\"https:\/\/www.lemonde.fr\/syndication\/\" class=\"reuse__content\" title=\"R\u00e9utiliser ce contenu\" target=\"_blank\" rel=\"nofollow noopener\">R\u00e9utiliser ce contenu<\/a>      <\/p>\n","protected":false},"excerpt":{"rendered":"Une membre de la police scientifique devant le restaurant lyonnais o\u00f9 a eu lieu une explosion, le 30\u00a0septembre\u00a02025.&hellip;\n","protected":false},"author":2,"featured_media":428570,"comment_status":"","ping_status":"","sticky":false,"template":"","format":"standard","meta":{"footnotes":""},"categories":[1888],"tags":[1111,1928,11,1927,1777,674,1011,27,12,1926,626,1925,25],"class_list":{"0":"post-428569","1":"post","2":"type-post","3":"status-publish","4":"format-standard","5":"has-post-thumbnail","7":"category-paris","8":"tag-actu","9":"tag-actu-paris","10":"tag-actualites","11":"tag-actualites-paris","12":"tag-eu","13":"tag-europe","14":"tag-fr","15":"tag-france","16":"tag-news","17":"tag-news-paris","18":"tag-paris","19":"tag-paris-news","20":"tag-republique-francaise"},"share_on_mastodon":{"url":"https:\/\/pubeurope.com\/@fr\/115293231971201707","error":""},"_links":{"self":[{"href":"https:\/\/www.europesays.com\/fr\/wp-json\/wp\/v2\/posts\/428569","targetHints":{"allow":["GET"]}}],"collection":[{"href":"https:\/\/www.europesays.com\/fr\/wp-json\/wp\/v2\/posts"}],"about":[{"href":"https:\/\/www.europesays.com\/fr\/wp-json\/wp\/v2\/types\/post"}],"author":[{"embeddable":true,"href":"https:\/\/www.europesays.com\/fr\/wp-json\/wp\/v2\/users\/2"}],"replies":[{"embeddable":true,"href":"https:\/\/www.europesays.com\/fr\/wp-json\/wp\/v2\/comments?post=428569"}],"version-history":[{"count":0,"href":"https:\/\/www.europesays.com\/fr\/wp-json\/wp\/v2\/posts\/428569\/revisions"}],"wp:featuredmedia":[{"embeddable":true,"href":"https:\/\/www.europesays.com\/fr\/wp-json\/wp\/v2\/media\/428570"}],"wp:attachment":[{"href":"https:\/\/www.europesays.com\/fr\/wp-json\/wp\/v2\/media?parent=428569"}],"wp:term":[{"taxonomy":"category","embeddable":true,"href":"https:\/\/www.europesays.com\/fr\/wp-json\/wp\/v2\/categories?post=428569"},{"taxonomy":"post_tag","embeddable":true,"href":"https:\/\/www.europesays.com\/fr\/wp-json\/wp\/v2\/tags?post=428569"}],"curies":[{"name":"wp","href":"https:\/\/api.w.org\/{rel}","templated":true}]}}