{"id":428575,"date":"2025-09-30T12:26:12","date_gmt":"2025-09-30T12:26:12","guid":{"rendered":"https:\/\/www.europesays.com\/fr\/428575\/"},"modified":"2025-09-30T12:26:12","modified_gmt":"2025-09-30T12:26:12","slug":"lambassadeur-dafrique-du-sud-en-france-emmanuel-mthethwa-retrouve-mort-a-paris-liberation","status":"publish","type":"post","link":"https:\/\/www.europesays.com\/fr\/428575\/","title":{"rendered":"L\u2019ambassadeur d\u2019Afrique du Sud en France, Emmanuel Mthethwa, retrouv\u00e9 mort \u00e0 Paris \u2013 Lib\u00e9ration"},"content":{"rendered":"<p class=\"sc-cPiKLX AiZTS text-element\">Les premiers \u00e9l\u00e9ments laissent penser \u00e0 la piste du suicide. Le corps de l\u2019ambassadeur d\u2019Afrique du Sud en France, Emmanuel Mthethwa, \u00aba \u00e9t\u00e9 d\u00e9couvert \u00e0 l\u2019aplomb de l\u2019h\u00f4tel Hayat\u00bb, d\u00e9clare le parquet de Paris ce mardi 30\u00a0septembre aupr\u00e8s de Lib\u00e9ration, confirmant une information du <a href=\"https:\/\/www.leparisien.fr\/faits-divers\/paris-enquete-ouverte-apres-la-disparition-de-lambassadeur-dafrique-du-sud-en-france-30-09-2025-WW6EIBSEAVGCZNVYC52ME7FE34.php\" target=\"_blank\" rel=\"noreferrer noopener\" title=\"https:\/\/www.leparisien.fr\/faits-divers\/paris-enquete-ouverte-apres-la-disparition-de-lambassadeur-dafrique-du-sud-en-france-30-09-2025-WW6EIBSEAVGCZNVYC52ME7FE34.php\">Parisien<\/a>. Le diplomate \u00abavait r\u00e9serv\u00e9 une chambre au 22e \u00e9tage, dont la fen\u00eatre s\u00e9curis\u00e9e a \u00e9t\u00e9 forc\u00e9e\u00bb, pr\u00e9cise encore la justice. <\/p>\n<p class=\"sc-cPiKLX AiZTS text-element\">Son \u00e9pouse, Philisiwe Buthelezi, avait signal\u00e9 sa disparition lundi. Elle avait \u00abre\u00e7u un message inqui\u00e9tant de sa part dans la soir\u00e9e\u00bb, a encore fait savoir le parquet de Paris. Selon Le Parisien, le t\u00e9l\u00e9phone du disparu \u00abavait born\u00e9 pour la derni\u00e8re fois vers 15 heures, lundi, dans les environs du bois de Boulogne, \u00e0 Paris (XVIe arrondissement). Redoutant un possible suicide, les policiers, \u00e9paul\u00e9s par la brigade cynophile, avaient quadrill\u00e9 le bois de l\u2019Ouest parisien\u00bb. <\/p>\n<p class=\"sc-cPiKLX AiZTS text-element\">Une enqu\u00eate a \u00e9t\u00e9 ouverte, et confi\u00e9e \u00e0 la brigade de r\u00e9pression de la d\u00e9linquance aux personnes. <\/p>\n<p class=\"sc-cPiKLX AiZTS text-element\"><b>Plus d\u2019informations \u00e0 venir\u2026<\/b><\/p>\n","protected":false},"excerpt":{"rendered":"Les premiers \u00e9l\u00e9ments laissent penser \u00e0 la piste du suicide. Le corps de l\u2019ambassadeur d\u2019Afrique du Sud en&hellip;\n","protected":false},"author":2,"featured_media":428576,"comment_status":"","ping_status":"","sticky":false,"template":"","format":"standard","meta":{"footnotes":""},"categories":[1888],"tags":[11,5594,1777,674,118,1011,27,12,626,25],"class_list":{"0":"post-428575","1":"post","2":"type-post","3":"status-publish","4":"format-standard","5":"has-post-thumbnail","7":"category-paris","8":"tag-actualites","9":"tag-afrique-du-sud","10":"tag-eu","11":"tag-europe","12":"tag-faits-divers","13":"tag-fr","14":"tag-france","15":"tag-news","16":"tag-paris","17":"tag-republique-francaise"},"share_on_mastodon":{"url":"https:\/\/pubeurope.com\/@fr\/115293243705556794","error":""},"_links":{"self":[{"href":"https:\/\/www.europesays.com\/fr\/wp-json\/wp\/v2\/posts\/428575","targetHints":{"allow":["GET"]}}],"collection":[{"href":"https:\/\/www.europesays.com\/fr\/wp-json\/wp\/v2\/posts"}],"about":[{"href":"https:\/\/www.europesays.com\/fr\/wp-json\/wp\/v2\/types\/post"}],"author":[{"embeddable":true,"href":"https:\/\/www.europesays.com\/fr\/wp-json\/wp\/v2\/users\/2"}],"replies":[{"embeddable":true,"href":"https:\/\/www.europesays.com\/fr\/wp-json\/wp\/v2\/comments?post=428575"}],"version-history":[{"count":0,"href":"https:\/\/www.europesays.com\/fr\/wp-json\/wp\/v2\/posts\/428575\/revisions"}],"wp:featuredmedia":[{"embeddable":true,"href":"https:\/\/www.europesays.com\/fr\/wp-json\/wp\/v2\/media\/428576"}],"wp:attachment":[{"href":"https:\/\/www.europesays.com\/fr\/wp-json\/wp\/v2\/media?parent=428575"}],"wp:term":[{"taxonomy":"category","embeddable":true,"href":"https:\/\/www.europesays.com\/fr\/wp-json\/wp\/v2\/categories?post=428575"},{"taxonomy":"post_tag","embeddable":true,"href":"https:\/\/www.europesays.com\/fr\/wp-json\/wp\/v2\/tags?post=428575"}],"curies":[{"name":"wp","href":"https:\/\/api.w.org\/{rel}","templated":true}]}}