{"id":428589,"date":"2025-09-30T12:33:11","date_gmt":"2025-09-30T12:33:11","guid":{"rendered":"https:\/\/www.europesays.com\/fr\/428589\/"},"modified":"2025-09-30T12:33:11","modified_gmt":"2025-09-30T12:33:11","slug":"a-copenhague-leurope-pressee-de-trouver-largent-de-sa-survie","status":"publish","type":"post","link":"https:\/\/www.europesays.com\/fr\/428589\/","title":{"rendered":"\u00c0 Copenhague, l&rsquo;Europe press\u00e9e de trouver\u00a0l\u2019argent de sa survie"},"content":{"rendered":"<p>Le ch\u00e2teau de Christiansborg \u00e0\u00a0Copenhague, si\u00e8ge du Parlement danois, accueille, mercredi 1er\u00a0octobre, un Conseil europ\u00e9en informel consacr\u00e9 \u00e0 l&rsquo;Ukraine et \u00e0 l&rsquo;Europe de la d\u00e9fense. Alors que <a class=\"Link\" href=\"https:\/\/www.lepoint.fr\/monde\/incursions-de-drones-des-bases-militaires-danoises-et-norvegiennes-ciblees-27-09-2025-2599699_24.php\" title=\"\" data-gtm=\"click:capsule\" data-capsule=\"Lien\" target=\"_blank\" rel=\"noopener\">des drones non identifi\u00e9s survolent l&rsquo;a\u00e9roport de la capitale et plusieurs installations militaires<\/a>\u00a0depuis des jours, les Vingt-Sept mesurent que la menace n&rsquo;est plus abstraite. Elle est l\u00e0, au-dessus de leur t\u00eate. Cette r\u00e9union sans conclusion \u00e9crite permettra de d\u00e9canter des sujets qui seront finalis\u00e9s les\u00a023\u00a0et 24\u00a0octobre prochains lors du Conseil europ\u00e9en \u00e0 Bruxelles.<\/p>\n<p>Quatre mois. C&rsquo;est le temps qu&rsquo;il aura fallu \u00e0 l&rsquo;<a class=\"Link\" href=\"https:\/\/www.lepoint.fr\/tags\/union-europeenne\" data-gtm=\"click:capsule\" data-capsule=\"Lien\" target=\"_blank\" rel=\"noopener\">Union europ\u00e9enne<\/a> pour passer de la retraite des dirigeants au <a class=\"Link\" href=\"https:\/\/www.lepoint.fr\/monde\/face-a-trump-et-poutine-l-ue-cherche-l-argent-pour-se-defendre-02-02-2025-2581329_24.php\" title=\"\" data-gtm=\"click:capsule\" data-capsule=\"Lien\" target=\"_blank\" rel=\"noopener\">Palais d&rsquo;Egmont<\/a> (consacr\u00e9e \u00e0 la d\u00e9fense) en f\u00e9vrier <a class=\"Link\" href=\"https:\/\/www.lepoint.fr\/monde\/safe-un-programme-militaire-europeen-pour-etre-pret-en-2030--19-03-2025-2585184_24.php\" title=\"\" data-gtm=\"click:capsule\" data-capsule=\"Lien\" target=\"_blank\" rel=\"noopener\">\u00e0 l&rsquo;adoption de Safe<\/a>\u00a0(Security Action For Europe), l&rsquo;instrument fina&#8230;<\/p>\n<p>Toute l\u2019actualit\u00e9 \u00e0 1\u20ac le premier mois<\/p>\n<p><a href=\"https:\/\/abo.lepoint.fr\/?provenance=21EDI020098\" class=\"btn\" title=\"S&#039;abonner\" data-gtm=\"click:abo|display:abo\" data-campaign=\"paywall_maison\" target=\"_blank\" rel=\"noopener\">S&rsquo;abonner<\/a><\/p>\n<p>ou<\/p>\n","protected":false},"excerpt":{"rendered":"Le ch\u00e2teau de Christiansborg \u00e0\u00a0Copenhague, si\u00e8ge du Parlement danois, accueille, mercredi 1er\u00a0octobre, un Conseil europ\u00e9en informel consacr\u00e9 \u00e0&hellip;\n","protected":false},"author":2,"featured_media":428590,"comment_status":"","ping_status":"","sticky":false,"template":"","format":"standard","meta":{"footnotes":""},"categories":[1586],"tags":[11,1777,674,1779,1011,27,4710,12,25,1778,364,2544],"class_list":{"0":"post-428589","1":"post","2":"type-post","3":"status-publish","4":"format-standard","5":"has-post-thumbnail","7":"category-europe","8":"tag-actualites","9":"tag-eu","10":"tag-europe","11":"tag-european-union","12":"tag-fr","13":"tag-france","14":"tag-friedrich-merz","15":"tag-news","16":"tag-republique-francaise","17":"tag-ue","18":"tag-union-europeenne","19":"tag-ursula-von-der-leyen"},"share_on_mastodon":{"url":"https:\/\/pubeurope.com\/@fr\/115293271257730779","error":""},"_links":{"self":[{"href":"https:\/\/www.europesays.com\/fr\/wp-json\/wp\/v2\/posts\/428589","targetHints":{"allow":["GET"]}}],"collection":[{"href":"https:\/\/www.europesays.com\/fr\/wp-json\/wp\/v2\/posts"}],"about":[{"href":"https:\/\/www.europesays.com\/fr\/wp-json\/wp\/v2\/types\/post"}],"author":[{"embeddable":true,"href":"https:\/\/www.europesays.com\/fr\/wp-json\/wp\/v2\/users\/2"}],"replies":[{"embeddable":true,"href":"https:\/\/www.europesays.com\/fr\/wp-json\/wp\/v2\/comments?post=428589"}],"version-history":[{"count":0,"href":"https:\/\/www.europesays.com\/fr\/wp-json\/wp\/v2\/posts\/428589\/revisions"}],"wp:featuredmedia":[{"embeddable":true,"href":"https:\/\/www.europesays.com\/fr\/wp-json\/wp\/v2\/media\/428590"}],"wp:attachment":[{"href":"https:\/\/www.europesays.com\/fr\/wp-json\/wp\/v2\/media?parent=428589"}],"wp:term":[{"taxonomy":"category","embeddable":true,"href":"https:\/\/www.europesays.com\/fr\/wp-json\/wp\/v2\/categories?post=428589"},{"taxonomy":"post_tag","embeddable":true,"href":"https:\/\/www.europesays.com\/fr\/wp-json\/wp\/v2\/tags?post=428589"}],"curies":[{"name":"wp","href":"https:\/\/api.w.org\/{rel}","templated":true}]}}