{"id":428597,"date":"2025-09-30T12:37:13","date_gmt":"2025-09-30T12:37:13","guid":{"rendered":"https:\/\/www.europesays.com\/fr\/428597\/"},"modified":"2025-09-30T12:37:13","modified_gmt":"2025-09-30T12:37:13","slug":"des-travaux-majeurs-au-club-de-golf-godefroy","status":"publish","type":"post","link":"https:\/\/www.europesays.com\/fr\/428597\/","title":{"rendered":"Des travaux majeurs au Club de golf Godefroy"},"content":{"rendered":"<p class=\"article-bodystyled__StyledText-sc-19uhgql-0 bGeyRM body-paragraph\" id=\"content-element-6YFTBYESXJCL5DXDLKP3YY6IJA\">\u00abAvec les orages de plus en plus violents et les quantit\u00e9s d\u2019eau importantes qui tombent dans un bref moment de temps, \u00e7a nous am\u00e8ne \u00e0 devoir repenser la fa\u00e7on de retirer l\u2019eau du terrain plus rapidement pour ne pas emp\u00eacher les joueurs de jouer parfois pendant une ou deux journ\u00e9es\u00bb, pr\u00e9cise le directeur g\u00e9n\u00e9ral, Pascal Simard.<\/p>\n<p class=\"article-bodystyled__StyledText-sc-19uhgql-0 bGeyRM body-paragraph\" id=\"content-element-RAZG3IXORVHDBHKUS7FNBADF5Q\">C\u2019est un investissement de l\u2019ordre de 125 000 $ pour le drainage et l\u2019irrigation qui sera r\u00e9alis\u00e9 par le Godefroy pour faire passer des drains sur 15 des 18 trous du terrain. Les travaux sur les trois autres avaient d\u00e9j\u00e0 \u00e9t\u00e9 r\u00e9alis\u00e9s par le pass\u00e9.<\/p>\n<p class=\"article-bodystyled__StyledText-sc-19uhgql-0 bGeyRM body-paragraph\" id=\"content-element-LRDDSEZXYJANDDYLQWCDZI4FXU\">\u00abLe r\u00e9seau existant a \u00e9t\u00e9 nettoy\u00e9 en entier, la semaine derni\u00e8re. On a fait l\u2019\u00e9valuation en m\u00eame temps et on a vu lesquels \u00e9taient bris\u00e9s et lesquels ne l\u2019\u00e9taient pas. On a r\u00e9par\u00e9 ceux qui \u00e9taient \u00e0 r\u00e9parer et la prochaine \u00e9tape, la semaine prochaine, c\u2019est de rentrer avec de la machinerie sp\u00e9cialis\u00e9e pour poser 4,5 kilom\u00e8tres de tuyaux sur le terrain\u00bb, indique le directeur g\u00e9n\u00e9ral.<\/p>\n<p><img decoding=\"async\" data-chromatic=\"ignore\" alt=\"Le directeur g&#xE9;n&#xE9;ral du Club de golf Godefroy, Pascal Simard.\" class=\"c-image\" loading=\"lazy\" src=\"https:\/\/www.europesays.com\/fr\/wp-content\/uploads\/2025\/09\/NEENDYQSIFE4RF6LHC3FCOMAOM.jpg\"  width=\"600\" height=\"400\"\/><\/p>\n<p class=\"image-metadata__MetadataParagraph-sc-1gfk7p2-0 cAaLKg image-metadata\">Le directeur g\u00e9n\u00e9ral du Club de golf Godefroy, Pascal Simard. (St\u00e9phane Lessard\/Le Nouvelliste)<\/p>\n<p class=\"article-bodystyled__StyledText-sc-19uhgql-0 bGeyRM body-paragraph\" id=\"content-element-DUVXZYNLKZHRTKKL6OLR6G6E3U\">Ceux-ci seront install\u00e9s de fa\u00e7on lat\u00e9rale et perpendiculaire aux all\u00e9es pour aller \u00e9goutter certains endroits strat\u00e9giques o\u00f9 s\u2019\u00e9coule l\u2019eau. \u00abUn terrain de golf, c\u2019est toujours con\u00e7u pour pouvoir recueillir l\u2019eau \u00e0 certains endroits\u00bb, rappelle Pascal Simard. <\/p>\n<p class=\"article-bodystyled__StyledText-sc-19uhgql-0 bGeyRM body-paragraph\" id=\"content-element-3QMJLUGJIVAWRMLYCUVDAUG2BI\">Des travaux seront \u00e9galement r\u00e9alis\u00e9s pour une prochaine phase de travaux de drainage, soit celui des trappes de sable. \u00abIl y a beaucoup de tuyaux qui arriveront en effleurement de nos trappes. On n\u2019a pas encore d\u2019\u00e9ch\u00e9ance pour la phase 2, mais c\u2019est pr\u00e9paratoire, parce qu\u2019on n\u2019est pas encore rendu l\u00e0\u00bb, continue le directeur g\u00e9n\u00e9ral. <\/p>\n<p>Des travaux r\u00e9clam\u00e9s par les membres<\/p>\n<p class=\"article-bodystyled__StyledText-sc-19uhgql-0 bGeyRM body-paragraph\" id=\"content-element-THVNS32XCZD4LGOWO3R3CDLUFQ\">Ce projet est ressorti comme l\u2019\u00e9l\u00e9ment principal et d\u00e9terminant \u00e0 la suite d\u2019un r\u00e9cent sondage aupr\u00e8s des membres. \u00c0 quelques occasions cette saison, le terrain avait d\u00fb \u00eatre ferm\u00e9 en raison des pluies abondantes qui avaient laiss\u00e9 un terrain d\u00e9tremp\u00e9.<\/p>\n<p><img decoding=\"async\" data-chromatic=\"ignore\" alt=\"Les quantit&#xE9;s d'eau re&#xE7;ues cet &#xE9;t&#xE9; ont caus&#xE9; des maux de t&#xEA;te aux terrains de golf.\" class=\"c-image\" loading=\"lazy\" src=\"https:\/\/www.europesays.com\/fr\/wp-content\/uploads\/2025\/09\/5TAIJXUAFRCZRK6ETFFGVDU6NY.jpg\"  width=\"600\" height=\"800\"\/><\/p>\n<p class=\"image-metadata__MetadataParagraph-sc-1gfk7p2-0 cAaLKg image-metadata\">Les quantit\u00e9s d&rsquo;eau re\u00e7ues cet \u00e9t\u00e9 ont caus\u00e9 des maux de t\u00eate aux terrains de golf. (Facebook &#8211; Club de golf Godefroy)<\/p>\n<p class=\"article-bodystyled__StyledText-sc-19uhgql-0 bGeyRM body-paragraph\" id=\"content-element-GYGTAWY7C5F57LYVYDZ4VBSA6Q\">\u00abOn le r\u00e9alisait aussi, mais ce sont de gros projets, admet le directeur g\u00e9n\u00e9ral. Ce sont des projets que l\u2019on fait \u00e0 un certain nombre de d\u00e9cennies. On a de la machinerie, il y a du monde qui circule dessus avec des voiturettes, donc c\u2019est certain qu\u2019un moment donn\u00e9, les drains se brisent.\u00bb<\/p>\n<p class=\"article-bodystyled__StyledText-sc-19uhgql-0 bGeyRM body-paragraph\" id=\"content-element-SUPI6L5YRFHUBP74ZIZYO4KFIM\">Les travaux n\u00e9cessiteront toutefois la fin de la saison \u00e0 compter de lundi prochain, le 6 octobre, soit trois semaines plus t\u00f4t qu\u2019\u00e0 l\u2019habitude. <\/p>\n<p class=\"article-bodystyled__StyledText-sc-19uhgql-0 bGeyRM body-paragraph\" id=\"content-element-5WANEVWX3ND7BBLNRYXLNBKWI4\">Il n\u2019aurait pas \u00e9t\u00e9 possible de garder un neuf trous ouvert pendant les travaux pour pouvoir continuer d\u2019op\u00e9rer quand m\u00eame durant les travaux en raison de la disponibilit\u00e9 de la machinerie et des sous-traitants. <\/p>\n<p class=\"article-bodystyled__StyledText-sc-19uhgql-0 bGeyRM body-paragraph\" id=\"content-element-TYYNGXNSKBGFPAVLGATZ27C6G4\">\u00abLa machine qui pose les drains et qui va fractionner le terrain un peu partout va travailler environ quatre jours \u00e0 la grandeur du terrain, explique Pascal Simard. Apr\u00e8s \u00e7a, on doit commencer \u00e0 r\u00e9parer et \u00e0 niveler et c\u2019est la partie la plus longue.\u00bb<\/p>\n<p class=\"article-bodystyled__StyledText-sc-19uhgql-0 bGeyRM body-paragraph\" id=\"content-element-VDJ4F7KVGNHIJBRLF2R7ELPS7A\">Ces travaux de pose de conduite de drainage repr\u00e9sentent des investissements encore plus importants que ceux qui avaient \u00e9t\u00e9 r\u00e9alis\u00e9s \u00e0 l\u2019automne 2012 sur le trou num\u00e9ro 18.<\/p>\n<p class=\"article-bodystyled__StyledText-sc-19uhgql-0 bGeyRM body-paragraph\" id=\"content-element-DVDQONCZMRA3XDIWXLV6AWIX3M\">On se souviendra que le vert, qui \u00e9tait d\u00e9mesur\u00e9ment sur\u00e9lev\u00e9, avait \u00e9t\u00e9 abaiss\u00e9 d\u2019une quinzaine de pieds apr\u00e8s que plusieurs membres se soient plaints de cette pente tr\u00e8s abrupte. <\/p>\n<p class=\"article-bodystyled__StyledText-sc-19uhgql-0 bGeyRM body-paragraph\" id=\"content-element-JGB75TJRUFHZHKCF4DYGTZJVHI\">L\u2019op\u00e9ration, qui avait \u00e9galement permis l\u2019am\u00e9nagement d\u2019un chemin d\u2019acc\u00e8s sur la droite pour \u00e9liminer la mont\u00e9e pr\u00e8s du trou num\u00e9ro 10 et l\u2019ajout d\u2019une trappe de sable, avait n\u00e9cessit\u00e9 un investissement de 100 000 $. <\/p>\n","protected":false},"excerpt":{"rendered":"\u00abAvec les orages de plus en plus violents et les quantit\u00e9s d\u2019eau importantes qui tombent dans un bref&hellip;\n","protected":false},"author":2,"featured_media":428598,"comment_status":"","ping_status":"","sticky":false,"template":"","format":"standard","meta":{"footnotes":""},"categories":[1418],"tags":[4734,55720,55721,1011,27,1472,14113,4459,60,3945,2086,55722],"class_list":{"0":"post-428597","1":"post","2":"type-post","3":"status-publish","4":"format-standard","5":"has-post-thumbnail","7":"category-golf","8":"tag-changement-climatique","9":"tag-club-de-golf-godefroy","10":"tag-drainage","11":"tag-fr","12":"tag-france","13":"tag-golf","14":"tag-orage","15":"tag-pluie","16":"tag-sports","17":"tag-terrain","18":"tag-travaux","19":"tag-tuyaux"},"share_on_mastodon":{"url":"https:\/\/pubeurope.com\/@fr\/115293287162393148","error":""},"_links":{"self":[{"href":"https:\/\/www.europesays.com\/fr\/wp-json\/wp\/v2\/posts\/428597","targetHints":{"allow":["GET"]}}],"collection":[{"href":"https:\/\/www.europesays.com\/fr\/wp-json\/wp\/v2\/posts"}],"about":[{"href":"https:\/\/www.europesays.com\/fr\/wp-json\/wp\/v2\/types\/post"}],"author":[{"embeddable":true,"href":"https:\/\/www.europesays.com\/fr\/wp-json\/wp\/v2\/users\/2"}],"replies":[{"embeddable":true,"href":"https:\/\/www.europesays.com\/fr\/wp-json\/wp\/v2\/comments?post=428597"}],"version-history":[{"count":0,"href":"https:\/\/www.europesays.com\/fr\/wp-json\/wp\/v2\/posts\/428597\/revisions"}],"wp:featuredmedia":[{"embeddable":true,"href":"https:\/\/www.europesays.com\/fr\/wp-json\/wp\/v2\/media\/428598"}],"wp:attachment":[{"href":"https:\/\/www.europesays.com\/fr\/wp-json\/wp\/v2\/media?parent=428597"}],"wp:term":[{"taxonomy":"category","embeddable":true,"href":"https:\/\/www.europesays.com\/fr\/wp-json\/wp\/v2\/categories?post=428597"},{"taxonomy":"post_tag","embeddable":true,"href":"https:\/\/www.europesays.com\/fr\/wp-json\/wp\/v2\/tags?post=428597"}],"curies":[{"name":"wp","href":"https:\/\/api.w.org\/{rel}","templated":true}]}}