{"id":428599,"date":"2025-09-30T12:38:13","date_gmt":"2025-09-30T12:38:13","guid":{"rendered":"https:\/\/www.europesays.com\/fr\/428599\/"},"modified":"2025-09-30T12:38:13","modified_gmt":"2025-09-30T12:38:13","slug":"kamil-rychlicki-remporte-le-titre-de-champion-du-monde-avec-litalie","status":"publish","type":"post","link":"https:\/\/www.europesays.com\/fr\/428599\/","title":{"rendered":"Kamil Rychlicki remporte le titre de champion du monde avec l&rsquo;Italie"},"content":{"rendered":"<p>Publi\u00e929. septembre 2025, 14:54<\/p>\n<p>Volley-ball: Rychlicki, l&rsquo;ancien de Strassen, champion du monde avec l&rsquo;Italie<\/p>\n<p>Le volleyeur luxembourgeois qui \u00e9voluait \u00e0 Strassen a \u00e9t\u00e9 sacr\u00e9 champion du monde, sous les couleurs de l&rsquo;Italie, dimanche.<\/p>\n<p><img decoding=\"async\" alt=\"Thibaut Goetz\" src=\"https:\/\/www.europesays.com\/fr\/wp-content\/uploads\/2025\/09\/76b481d6-e305-4063-9038-badf2a7799d9.jpeg\" class=\"sc-b1f21c84-1 juVSAe\"\/><\/p>\n<p>Le parcours de Kamil Rychlicki a d\u00e9cid\u00e9ment tout du conte de f\u00e9es, depuis son d\u00e9part de Strassen, en 2016. N\u00e9 au Luxembourg \u00e0 Ettelbruck en 1996, c&rsquo;est un v\u00e9ritable enfant de la balle par le biais de son p\u00e8re, Jacek, vice-champion d&rsquo;Europe avec la Pologne en 1983. Apr\u00e8s avoir \u00e9volu\u00e9 \u00e0 Strassen quatre saisons, il a rejoint le championnat italien en 2018 \u00e0 Ravenne, avant une parenth\u00e8se au Qatar, \u00e0 Al Rayyan (2018\/19).<\/p>\n<p>Revenu en Italie en 2019, \u00e0 Civitanova, il s&rsquo;engage \u00e0 P\u00e9rouse en 2021, puis Trentino en 2023, et \u00e9volue depuis cette saison en&#8230; Pologne \u00e0 Kedzierzyn-Kozle. \u00c9ligible \u00e0 la nationalit\u00e9 italienne en 2022, celui qui a d\u00e9fendu les couleurs du Luxembourg jusqu&rsquo;\u00e0 2019, a d\u00fb attendre 2025, afin de pouvoir repr\u00e9senter un autre pays.<\/p>\n<blockquote class=\"Quote_quote__uexDU Quote_siteAreaNews__9_7Qz\">\n<p class=\"Quote_quoteText__6G6oY\">\u00abC&rsquo;est vraiment une histoire magnifique\u00bb<\/p>\n<\/blockquote>\n<p>Appel\u00e9 pour la premi\u00e8re fois en juin dernier, par le s\u00e9lectionneur azzurro, Ferdinando de Giorgi, pour disputer la Ligue des nations, il \u00e9tait de nouveau convoqu\u00e9 pour le Mondial aux Philippines. Et l&rsquo;histoire s&rsquo;est termin\u00e9e en apoth\u00e9ose pour l&rsquo;Italie, victorieuse dimanche de son 5e championnat du monde en battant la Bulgarie en finale (3-1).<\/p>\n<p>Avant de reprendre l&rsquo;avion pour l&rsquo;Europe, il s&rsquo;est confi\u00e9 \u00e0 L&rsquo;essentiel. \u00abJamais je n&rsquo;aurais pens\u00e9 avoir la possibilit\u00e9, la chance, de gagner le Mondial, c&rsquo;est vraiment une histoire magnifique\u00bb se r\u00e9jouit le colosse de 2,04 m. Dans le parcours gagnant de l&rsquo;Italie, Rychlicki est entr\u00e9 en jeu contre la Belgique lors de la phase de poules, seule d\u00e9faite italienne aux Philippines.<\/p>\n<p>\u00abPour le reste du tournoi, on a un r\u00e9ceptionneur qui a fait la comp\u00e9tition de sa vie, du coup, c&rsquo;est lui qui a le plus jou\u00e9\u00bb. En demi-finale, l&rsquo;Italie disputait en plus un duel contre la Pologne, un pays qu&rsquo;il aurait pu repr\u00e9senter. Forc\u00e9ment une rencontre sp\u00e9ciale pour lui: \u00abC&rsquo;\u00e9tait un moment particulier, d\u00e9j\u00e0 une demi-finale c&rsquo;est important, mais face \u00e0 la Pologne, je ne suis pas pr\u00e8s de l&rsquo;oublier\u00bb. Kamil Rychlicki pourra donc ajouter au-dessus de sa chemin\u00e9e sa m\u00e9daille de champion du monde, \u00e0 c\u00f4t\u00e9 de celles remport\u00e9es en Ligue des champions (2024), et lors du Mondial des clubs (2020, 2023).<\/p>\n<p>Tu nous suis d\u00e9j\u00e0 sur WhatsApp?<\/p>\n<p>Abonne-toi \u00e0 notre cha\u00eene, active la petite \ud83d\udd14 et tu recevras un <strong>r\u00e9cap de l&rsquo;actu<\/strong> chaque jour en <strong>d\u00e9but de soir\u00e9e<\/strong>.<\/p>\n","protected":false},"excerpt":{"rendered":"Publi\u00e929. septembre 2025, 14:54 Volley-ball: Rychlicki, l&rsquo;ancien de Strassen, champion du monde avec l&rsquo;Italie Le volleyeur luxembourgeois qui&hellip;\n","protected":false},"author":2,"featured_media":428600,"comment_status":"","ping_status":"","sticky":false,"template":"","format":"standard","meta":{"footnotes":""},"categories":[1417],"tags":[1011,27,60,1470,1469],"class_list":{"0":"post-428599","1":"post","2":"type-post","3":"status-publish","4":"format-standard","5":"has-post-thumbnail","7":"category-volley","8":"tag-fr","9":"tag-france","10":"tag-sports","11":"tag-volley","12":"tag-volleyball"},"share_on_mastodon":{"url":"https:\/\/pubeurope.com\/@fr\/115293291283285145","error":""},"_links":{"self":[{"href":"https:\/\/www.europesays.com\/fr\/wp-json\/wp\/v2\/posts\/428599","targetHints":{"allow":["GET"]}}],"collection":[{"href":"https:\/\/www.europesays.com\/fr\/wp-json\/wp\/v2\/posts"}],"about":[{"href":"https:\/\/www.europesays.com\/fr\/wp-json\/wp\/v2\/types\/post"}],"author":[{"embeddable":true,"href":"https:\/\/www.europesays.com\/fr\/wp-json\/wp\/v2\/users\/2"}],"replies":[{"embeddable":true,"href":"https:\/\/www.europesays.com\/fr\/wp-json\/wp\/v2\/comments?post=428599"}],"version-history":[{"count":0,"href":"https:\/\/www.europesays.com\/fr\/wp-json\/wp\/v2\/posts\/428599\/revisions"}],"wp:featuredmedia":[{"embeddable":true,"href":"https:\/\/www.europesays.com\/fr\/wp-json\/wp\/v2\/media\/428600"}],"wp:attachment":[{"href":"https:\/\/www.europesays.com\/fr\/wp-json\/wp\/v2\/media?parent=428599"}],"wp:term":[{"taxonomy":"category","embeddable":true,"href":"https:\/\/www.europesays.com\/fr\/wp-json\/wp\/v2\/categories?post=428599"},{"taxonomy":"post_tag","embeddable":true,"href":"https:\/\/www.europesays.com\/fr\/wp-json\/wp\/v2\/tags?post=428599"}],"curies":[{"name":"wp","href":"https:\/\/api.w.org\/{rel}","templated":true}]}}