{"id":428603,"date":"2025-09-30T12:40:18","date_gmt":"2025-09-30T12:40:18","guid":{"rendered":"https:\/\/www.europesays.com\/fr\/428603\/"},"modified":"2025-09-30T12:40:18","modified_gmt":"2025-09-30T12:40:18","slug":"daniil-medvedev-abandonne-face-a-learner-tien-en-demi-finales-de-latp-500-de-pekin-lequipe","status":"publish","type":"post","link":"https:\/\/www.europesays.com\/fr\/428603\/","title":{"rendered":"Daniil Medvedev abandonne face \u00e0 Learner Tien en demi-finales de l&#039;ATP 500 de P\u00e9kin &#8211; L&#039;\u00c9quipe"},"content":{"rendered":"<ol>\n<li><a href=\"https:\/\/news.google.com\/rss\/articles\/CBMizAFBVV95cUxPUG52dTFBVDduSUlVOFpWQkE2OUp4dmthMWNzNFY4Q1pZU1ZDdllPSVZ4V3haMXhmV3NSOWpWcWpNYVFiY21NM1ZUZmtPVWM5QVZxSmhjSGpGN09mOGJfWk5UTjFybjU5UTF5amRpRDdweWlPNDM2Y2FmVEdvVVFCdHc2eUR4ZTVxWHp1WFUxTndDR2dJQjlqOU5Lc3B3QWxpY1Vibk9Gd0tBVDdWcHNyTktKZXQzZWltY05Rb3FYREM3S2dVZ1JleFRjY0c?oc=5\" target=\"_blank\" rel=\"nofollow noopener\">Daniil Medvedev abandonne face \u00e0 Learner Tien en demi-finales de l&rsquo;ATP 500 de P\u00e9kin<\/a>&nbsp;&nbsp;L&rsquo;\u00c9quipe<\/li>\n<li><a href=\"https:\/\/news.google.com\/rss\/articles\/CBMi-wFBVV95cUxORGQyX0xLLWxwMEkwWkdyekEwc3lsQ3RxTm41Yk13bC1rdWFsVVJTM2RKZ2prSkFiSzBoVGc3MHpPNGxVRlNDejFuODlOc2QxX1NGNlE3VF9Nd0hKNFVNcllOR2RWV0RTVU5sODE5akNpNk5lZGhGb05xNjJRMFdpaEw3cUhmUW9MVXdQNTczZVhJTnBNWF92RTBVbzRWQ1I3YU4zOW1XTFRqaUt6RVBkVEpmOHBsbzhHQW1HVFlyWm1ZSGNRTk82dDdramdkSExUZVlGblAzUm1EQ0FZcXRvMmpkQ05GRHpSWDBzbzFER2sxNm42ZlRvQ3NaQQ?oc=5\" target=\"_blank\" rel=\"nofollow noopener\">ATP 500 P\u00e9kin &#8211; Medvedev dispose facilement de Zverev, Sinner passe malgr\u00e9 une petite alerte<\/a>&nbsp;&nbsp;Eurosport<\/li>\n<li><a href=\"https:\/\/news.google.com\/rss\/articles\/CBMirgFBVV95cUxNR1lwNUtwZnBWQzJoMWlwdDQwazJiaHRyMjRZbmJsZHg4bXA0aHQwbXVJQm42ZXBGRWJSNEZCcDg3STlmaDhDQ0ROUWdySjJNTWdBM3hzMVlYQTJmUkU0SVl5a3Y5Rk5YX0tvNHg2ajIwd1hRY1B6cHcycC1YQkxNZEdxTTB3RkN4MmZCZHRVQXF5UzdBVDB0Uzl1eTBjNU5OTm5CYUgwMzRaa1Q4TGc?oc=5\" target=\"_blank\" rel=\"nofollow noopener\">Tennis : Medvedev s\u2019impose face \u00e0 Zverev et file en demi \u00e0 P\u00e9kin<\/a>&nbsp;&nbsp;Le Figaro<\/li>\n<li><a href=\"https:\/\/news.google.com\/rss\/articles\/CBMi7AFBVV95cUxOSGNWRThxd2Q1ZmNqVE5wbENRSmROb0xKQ1NMTTNQVDRMV0NETjlLNHhobUZsQzQyWFNHM2NVN3FqTlFLalhETzlzWWZFbHJOVXFkVmU5MkIwZFFoakR0NG5wSWxfUW1LNm9mN0tZTHY0aWhhQU9rVWRvbGpNSmZyZFVlQ0I1QVBYR2VtR3c1VWhrRXpQVXRhSm14QmhWYzZ4R09pckh1eVIzSTBtdEgzUEdoLW03UllPM3B1cDVjN2hpQVdIQlhjc1JPcWRzYnpmMGJFYWNFdldOTXZFQ2F1QlJ1OVZwNWhVZC10Yg?oc=5\" target=\"_blank\" rel=\"nofollow noopener\">ATP &#8211; P\u00e9kin &gt; L&rsquo;incompr\u00e9hension de Medvedev lors de sa demi-finale : \u00ab\u00a0Pourquoi tous les arbitres du monde essaient-ils de m&rsquo;intimider ?\u00a0\u00bb<\/a>&nbsp;&nbsp;We Love Tennis<\/li>\n<li><a href=\"https:\/\/news.google.com\/rss\/articles\/CBMiugFBVV95cUxPOWg0TWdUVC1xOGNrZGFka3NobjdfTGtjR0hZQ3R2RlNsSlMzLXVPT3lFQWp4akNSZ2dSU2V1N0kxR3J5ZEhmcUdpdmc0QVRGMjgza0V5TjlRQmpqU3ZMN2E1TnJTcHdBc3l1MWdaN3BObjhnSnEyUlhqRFd0Z2paQzRoU29SWU5OcDlUMlVLLWV6ZTVfVmZEWU83YVB2cTBMYnVYMEJCQTFXUEpXRXRkMHBsY09JRS1YYkE?oc=5\" target=\"_blank\" rel=\"nofollow noopener\">P\u00e9kin &#8211; Medvedev exp\u00e9die Zverev et file dans le dernier carr\u00e9<\/a>&nbsp;&nbsp;Orange Actualit\u00e9s | Sports<\/li>\n<\/ol>\n","protected":false},"excerpt":{"rendered":"Daniil Medvedev abandonne face \u00e0 Learner Tien en demi-finales de l&rsquo;ATP 500 de P\u00e9kin&nbsp;&nbsp;L&rsquo;\u00c9quipe ATP 500 P\u00e9kin &#8211;&hellip;\n","protected":false},"author":2,"featured_media":428604,"comment_status":"","ping_status":"","sticky":false,"template":"","format":"standard","meta":{"footnotes":""},"categories":[1415],"tags":[1011,27,60,1467],"class_list":{"0":"post-428603","1":"post","2":"type-post","3":"status-publish","4":"format-standard","5":"has-post-thumbnail","7":"category-tennis","8":"tag-fr","9":"tag-france","10":"tag-sports","11":"tag-tennis"},"share_on_mastodon":{"url":"https:\/\/pubeurope.com\/@fr\/115293298567204981","error":""},"_links":{"self":[{"href":"https:\/\/www.europesays.com\/fr\/wp-json\/wp\/v2\/posts\/428603","targetHints":{"allow":["GET"]}}],"collection":[{"href":"https:\/\/www.europesays.com\/fr\/wp-json\/wp\/v2\/posts"}],"about":[{"href":"https:\/\/www.europesays.com\/fr\/wp-json\/wp\/v2\/types\/post"}],"author":[{"embeddable":true,"href":"https:\/\/www.europesays.com\/fr\/wp-json\/wp\/v2\/users\/2"}],"replies":[{"embeddable":true,"href":"https:\/\/www.europesays.com\/fr\/wp-json\/wp\/v2\/comments?post=428603"}],"version-history":[{"count":0,"href":"https:\/\/www.europesays.com\/fr\/wp-json\/wp\/v2\/posts\/428603\/revisions"}],"wp:featuredmedia":[{"embeddable":true,"href":"https:\/\/www.europesays.com\/fr\/wp-json\/wp\/v2\/media\/428604"}],"wp:attachment":[{"href":"https:\/\/www.europesays.com\/fr\/wp-json\/wp\/v2\/media?parent=428603"}],"wp:term":[{"taxonomy":"category","embeddable":true,"href":"https:\/\/www.europesays.com\/fr\/wp-json\/wp\/v2\/categories?post=428603"},{"taxonomy":"post_tag","embeddable":true,"href":"https:\/\/www.europesays.com\/fr\/wp-json\/wp\/v2\/tags?post=428603"}],"curies":[{"name":"wp","href":"https:\/\/api.w.org\/{rel}","templated":true}]}}