{"id":428611,"date":"2025-09-30T12:45:13","date_gmt":"2025-09-30T12:45:13","guid":{"rendered":"https:\/\/www.europesays.com\/fr\/428611\/"},"modified":"2025-09-30T12:45:13","modified_gmt":"2025-09-30T12:45:13","slug":"avant-le-psg-kounde-dezingue-ses-coequipiers","status":"publish","type":"post","link":"https:\/\/www.europesays.com\/fr\/428611\/","title":{"rendered":"Avant le PSG, Kound\u00e9 d\u00e9zingue ses co\u00e9quipiers"},"content":{"rendered":"<p>Apr\u00e8s sept matchs disput\u00e9s en 2025\/26, Barcelone est invaincu toutes comp\u00e9titions confondues et compte un point d&rsquo;avance sur son rival du Clasico, le Real Madrid, en Liga.\n<\/p>\n<p>La d\u00e9faite 5-2 du Real Madrid dans le derby face \u00e0 l&rsquo;Atl\u00e9tico Madrid a offert aux hommes de Hansi Flick une situation id\u00e9ale avant de recevoir la Real Sociedad, mais ils ont d\u00fb batailler pour la victoire face \u00e0 leurs visiteurs basques.\n<\/p>\n<p>L&rsquo;ancien d\u00e9fenseur des Merengues, Alvaro Odriozola, a cr\u00e9\u00e9 la surprise en d\u00e9but de match, avant que Jules Kounde n&rsquo;\u00e9galise, inscrivant son premier but de la saison.\n<\/p>\n<p>Robert Lewandowski a inscrit le but de la victoire \u00e0 l&rsquo;heure de jeu, tandis que Lamine Yamal, de retour sur le banc, a impressionn\u00e9 apr\u00e8s 30 minutes de jeu.\n<\/p>\n<p>Kound\u00e9 a surmont\u00e9 quelques difficult\u00e9s en d\u00e9but de saison pour retrouver sa place de titulaire de Flick au poste d&rsquo;arri\u00e8re droit chez les Catalans, mais il s&rsquo;est montr\u00e9 tr\u00e8s critique envers la performance globale de Barcelone.\n<\/p>\n<p>Kound\u00e9 critique les difficult\u00e9s de Barcelone face \u00e0 la Real Sociedad\n<\/p>\n<p>\u00ab Nous avons manqu\u00e9 d&rsquo;intensit\u00e9, notre d\u00e9fense n&rsquo;\u00e9tait pas assez bonne et nous n&rsquo;avons pas r\u00e9ussi \u00e0 contr\u00f4ler les passes int\u00e9rieures, ce qui nous a co\u00fbt\u00e9 cher sur le but \u00bb, rapporte Marca.\n<\/p>\n<p>\u00ab Je n&rsquo;ai pas aim\u00e9 nos 25 derni\u00e8res minutes de match. Nous avons eu trop de difficult\u00e9s et nous n&rsquo;avons pas eu le contr\u00f4le du ballon. Les 70 minutes pr\u00e9c\u00e9dentes ont \u00e9t\u00e9 plut\u00f4t bonnes\u00a0; nous avons eu plus de deux occasions de marquer. Je n&rsquo;ai pas aim\u00e9 la fin de match. \u00bb\n<\/p>\n<p>\u00ab Je pense que nous sommes performants offensivement et d\u00e9fensivement sur coups de pied arr\u00eat\u00e9s depuis un certain temps. Cette ann\u00e9e, avec l&rsquo;arriv\u00e9e de Rashford et Roony, nous avons ajout\u00e9 deux bons tireurs, ce qui est un atout. \u00bb\n<\/p>\n<p>La prochaine \u00e9tape pour Kounde et Barcelone est un retour \u00e0 l&rsquo;action en Ligue des champions de l&rsquo;UEFA alors que l&rsquo;ancien entra\u00eeneur Luis Enrique am\u00e8ne le champion en titre, le Paris Saint-Germain, en Catalogne le 1er octobre pour le deuxi\u00e8me tour de la phase de championnat.<\/p>\n","protected":false},"excerpt":{"rendered":"Apr\u00e8s sept matchs disput\u00e9s en 2025\/26, Barcelone est invaincu toutes comp\u00e9titions confondues et compte un point d&rsquo;avance sur&hellip;\n","protected":false},"author":2,"featured_media":428612,"comment_status":"","ping_status":"","sticky":false,"template":"","format":"standard","meta":{"footnotes":""},"categories":[1410],"tags":[34081,55378,448,5695,55377,63,1011,27,447,91,60],"class_list":{"0":"post-428611","1":"post","2":"type-post","3":"status-publish","4":"format-standard","5":"has-post-thumbnail","7":"category-football","8":"tag-barcelona","9":"tag-barcelona-vs-paris-saint-germain","10":"tag-champions-league","11":"tag-fc-barcelone","12":"tag-fc-barcelone-vs-paris-saint-germain","13":"tag-football","14":"tag-fr","15":"tag-france","16":"tag-ligue-des-champions","17":"tag-paris-saint-germain","18":"tag-sports"},"share_on_mastodon":{"url":"https:\/\/pubeurope.com\/@fr\/115293318290401375","error":""},"_links":{"self":[{"href":"https:\/\/www.europesays.com\/fr\/wp-json\/wp\/v2\/posts\/428611","targetHints":{"allow":["GET"]}}],"collection":[{"href":"https:\/\/www.europesays.com\/fr\/wp-json\/wp\/v2\/posts"}],"about":[{"href":"https:\/\/www.europesays.com\/fr\/wp-json\/wp\/v2\/types\/post"}],"author":[{"embeddable":true,"href":"https:\/\/www.europesays.com\/fr\/wp-json\/wp\/v2\/users\/2"}],"replies":[{"embeddable":true,"href":"https:\/\/www.europesays.com\/fr\/wp-json\/wp\/v2\/comments?post=428611"}],"version-history":[{"count":0,"href":"https:\/\/www.europesays.com\/fr\/wp-json\/wp\/v2\/posts\/428611\/revisions"}],"wp:featuredmedia":[{"embeddable":true,"href":"https:\/\/www.europesays.com\/fr\/wp-json\/wp\/v2\/media\/428612"}],"wp:attachment":[{"href":"https:\/\/www.europesays.com\/fr\/wp-json\/wp\/v2\/media?parent=428611"}],"wp:term":[{"taxonomy":"category","embeddable":true,"href":"https:\/\/www.europesays.com\/fr\/wp-json\/wp\/v2\/categories?post=428611"},{"taxonomy":"post_tag","embeddable":true,"href":"https:\/\/www.europesays.com\/fr\/wp-json\/wp\/v2\/tags?post=428611"}],"curies":[{"name":"wp","href":"https:\/\/api.w.org\/{rel}","templated":true}]}}