{"id":428654,"date":"2025-09-30T13:10:10","date_gmt":"2025-09-30T13:10:10","guid":{"rendered":"https:\/\/www.europesays.com\/fr\/428654\/"},"modified":"2025-09-30T13:10:10","modified_gmt":"2025-09-30T13:10:10","slug":"sm-caen-pourquoi-le-match-contre-le-fc-rouen-va-etre-decale","status":"publish","type":"post","link":"https:\/\/www.europesays.com\/fr\/428654\/","title":{"rendered":"SM Caen. Pourquoi le match contre le FC Rouen va \u00eatre d\u00e9cal\u00e9\u00a0?"},"content":{"rendered":"<p>            Par<br \/>\n        <strong><br \/>\n            <a href=\"https:\/\/actu.fr\/auteur\/alexandre-gourlaouen\" title=\"Consulter tous les articles de Alexandre Gourlaouen\" target=\"_blank\" rel=\"noopener\">Alexandre Gourlaouen<\/a><br \/>\n        <\/strong><\/p>\n<p>        Publi\u00e9 le<\/p>\n<p>            30 sept. 2025 \u00e0 14h59        <\/p>\n<p>Alors que les fans de football fran\u00e7ais <b>protestent depuis de longs mois<\/b> contre la programmation des matchs de leur club favori <b>le vendredi soir<\/b>, il arrive que certains ajustements soient mis en place.<\/p>\n<p class=\" wall-content\">Avec la <b>programmation du derby normand<\/b> entre le <a href=\"https:\/\/actu.fr\/tag\/stade-malherbe-de-caen\" target=\"_blank\" rel=\"noopener\">Stade Malherbe Caen<\/a> et le FC Rouen le mardi 21 octobre 2025, beaucoup de supporters <b>n\u2019auraient pas pu assister \u00e0 la rencontre.<\/b> Les deux clubs ont d\u00e9cid\u00e9 de s\u2019organiser pour tenter d\u2019y rem\u00e9dier.<\/p>\n<p>Un coup d\u2019envoi retard\u00e9<\/p>\n<p class=\" wall-content\">Les rencontres de la 11\u1d49 journ\u00e9e du National ont \u00e9t\u00e9 programm\u00e9s le mardi 21 octobre, \u00e0 19h30, <b>d\u00e8s l\u2019annonce du calendrier g\u00e9n\u00e9ral.<\/b> Pour ce match de gala pour les deux clubs, le <b>SM Caen et le FC Rouen<\/b> ont d\u00e9cid\u00e9<b> de d\u00e9caler le d\u00e9but de la rencontre.<\/b><\/p>\n<p class=\" wall-content\">Le coup d\u2019envoi <b>sera en effet donn\u00e9 \u00e0 20h.<\/b> Une demi-heure suppl\u00e9mentaire pour <b>\u00ab\u00a0permettre \u00e0 un plus grand nombre d\u2019assister \u00e0 cette rencontre\u00a0\u00bb.<\/b><\/p>\n<p class=\" wall-content\">\n<p class=\" wall-content\">\u00c0 l\u2019heure actuelle, le FC Rouen 1899 est<b> en t\u00eate du classement de National<\/b> avec cinq victoires en huit journ\u00e9es. Si la tendance se confirme, ce derby normand au stade Michel d\u2019Ornano pourrait aussi \u00eatre <b>un duel face \u00e0 un cador du championnat<\/b> pour le Stade Malherbe.<\/p>\n<p class=\" wall-content\">Personnalisez votre actualit\u00e9 en ajoutant vos villes et m\u00e9dias en favori avec <a href=\"https:\/\/moncompte.actu.fr\" title=\"D\u00e9couvez Mon Actu\" rel=\"nofollow noopener\" data-trk=\"{&quot;cta&quot;:{&quot;action&quot;:&quot;https:\\\/\\\/moncompte.actu.fr&quot;,&quot;category&quot;:&quot;mon compte&quot;,&quot;from&quot;:&quot;article footer&quot;,&quot;name&quot;:&quot;Mon actu&quot;,&quot;type&quot;:&quot;cta&quot;}}\" target=\"_blank\">Mon Actu<\/a>.<\/p>\n","protected":false},"excerpt":{"rendered":"Par Alexandre Gourlaouen Publi\u00e9 le 30 sept. 2025 \u00e0 14h59 Alors que les fans de football fran\u00e7ais protestent&hellip;\n","protected":false},"author":2,"featured_media":428655,"comment_status":"","ping_status":"","sticky":false,"template":"","format":"standard","meta":{"footnotes":""},"categories":[9587],"tags":[1111,11,1777,674,63,1011,27,12,5161,42332,25,9590,1745,60,266],"class_list":{"0":"post-428654","1":"post","2":"type-post","3":"status-publish","4":"format-standard","5":"has-post-thumbnail","7":"category-rouen","8":"tag-actu","9":"tag-actualites","10":"tag-eu","11":"tag-europe","12":"tag-football","13":"tag-fr","14":"tag-france","15":"tag-news","16":"tag-normandie","17":"tag-palais-des-sports-de-caen","18":"tag-republique-francaise","19":"tag-rouen","20":"tag-sport-caen","21":"tag-sports","22":"tag-stade-malherbe-de-caen"},"share_on_mastodon":{"url":"https:\/\/pubeurope.com\/@fr\/115293416784931389","error":""},"_links":{"self":[{"href":"https:\/\/www.europesays.com\/fr\/wp-json\/wp\/v2\/posts\/428654","targetHints":{"allow":["GET"]}}],"collection":[{"href":"https:\/\/www.europesays.com\/fr\/wp-json\/wp\/v2\/posts"}],"about":[{"href":"https:\/\/www.europesays.com\/fr\/wp-json\/wp\/v2\/types\/post"}],"author":[{"embeddable":true,"href":"https:\/\/www.europesays.com\/fr\/wp-json\/wp\/v2\/users\/2"}],"replies":[{"embeddable":true,"href":"https:\/\/www.europesays.com\/fr\/wp-json\/wp\/v2\/comments?post=428654"}],"version-history":[{"count":0,"href":"https:\/\/www.europesays.com\/fr\/wp-json\/wp\/v2\/posts\/428654\/revisions"}],"wp:featuredmedia":[{"embeddable":true,"href":"https:\/\/www.europesays.com\/fr\/wp-json\/wp\/v2\/media\/428655"}],"wp:attachment":[{"href":"https:\/\/www.europesays.com\/fr\/wp-json\/wp\/v2\/media?parent=428654"}],"wp:term":[{"taxonomy":"category","embeddable":true,"href":"https:\/\/www.europesays.com\/fr\/wp-json\/wp\/v2\/categories?post=428654"},{"taxonomy":"post_tag","embeddable":true,"href":"https:\/\/www.europesays.com\/fr\/wp-json\/wp\/v2\/tags?post=428654"}],"curies":[{"name":"wp","href":"https:\/\/api.w.org\/{rel}","templated":true}]}}