{"id":428676,"date":"2025-09-30T13:22:15","date_gmt":"2025-09-30T13:22:15","guid":{"rendered":"https:\/\/www.europesays.com\/fr\/428676\/"},"modified":"2025-09-30T13:22:15","modified_gmt":"2025-09-30T13:22:15","slug":"bordeaux-se-met-a-table","status":"publish","type":"post","link":"https:\/\/www.europesays.com\/fr\/428676\/","title":{"rendered":"Bordeaux se met \u00e0 table"},"content":{"rendered":"<p>unairdebordeaux.fr &#8211; Explorez les paysages de la<br \/>\n                    m\u00e9tropole bordelaise &amp; profitez de son dynamisme<br \/>\n                    culturel. Activit\u00e9s, loisirs, balades, lieux<br \/>\n                    atypiques et bons plans\u2026 Faites le plein d\u2019id\u00e9es !\n                <\/p>\n<p>                                                    <img decoding=\"async\" src=\"data:image\/svg+xml,%3Csvg%20xmlns=\" http:=\"\" alt=\"Bordeaux se met \u00e0 table : un banquet g\u00e9ant au c\u0153ur du Jardin Public\" data-lazy-src=\"https:\/\/www.europesays.com\/fr\/wp-content\/uploads\/2025\/09\/Affiche-Bordeaux-se-met-a-Table-1-1.jpg\"\/><\/p>\n<p><strong>Dimanche 19 octobre, \u00e0 midi pile, Bordeaux met les petits plats dans les grands et convie pr\u00e8s de 1000 gourmands \u00e0 un moment aussi festif que savoureux : un banquet g\u00e9ant et in\u00e9dit en plein air, nich\u00e9 dans l\u2019\u00e9crin bucolique du Jardin Public.<\/strong><\/p>\n<p>Baptis\u00e9 <strong>\u201cBordeaux se met \u00e0 table\u201d<\/strong>, cet \u00e9v\u00e9nement, ouvert \u00e0 tous, est la d\u00e9clinaison locale du nouveau rendez-vous national <strong>Vignobles en Sc\u00e8ne<\/strong>, d\u00e9di\u00e9 \u00e0 l\u2019\u0153notourisme. \u00c0 l\u2019initiative de cette grande tabl\u00e9e : vignerons, n\u00e9gociants, restaurateurs bordelais, la Ville de Bordeaux et Gironde Tourisme, tous unis pour c\u00e9l\u00e9brer le terroir et ses produits uniques.<\/p>\n<p>Au menu ?<\/p>\n<p>De g\u00e9n\u00e9reux <strong>paniers pique-nique<\/strong> (entr\u00e9e + plat + dessert, version veggie possible), concoct\u00e9s par des chefs bordelais engag\u00e9s dans la valorisation des produits locaux. Pour accompagner ces mets, une <strong>carte de vins au verre<\/strong> (5 \u20ac ou 8 \u20ac selon la cuv\u00e9e) vous invite \u00e0 d\u00e9couvrir toute la richesse des appellations bordelaises, en pr\u00e9sence des <strong>vignerons ambassadeurs<\/strong> des 6 routes du vin.<\/p>\n<p>Ambiance assur\u00e9e avec l\u2019<strong>Orchestre Old Jazz Band<\/strong>, la banda <strong>L\u2019Imp\u00e9riale Bordeaux<\/strong>, des animations pour petits et grands et des \u00e9changes passionn\u00e9s avec les artisans du go\u00fbt.<\/p>\n<p>Infos pratiques<\/p>\n<ul style=\"list-style-type: disc;\">\n<li>Jardin Public de Bordeaux<\/li>\n<li>dimanche 19\/10 d\u00e8s 12 h<\/li>\n<li>Paniers en pr\u00e9vente d\u00e8s 17 \u20ac (enfant : 10 \u20ac) avec 1 verre \u00e0 pied offert<\/li>\n<li>Vins au verre sur place : 5 \u20ac ou 8 \u20ac<\/li>\n<li>R\u00e9servation conseill\u00e9e <a href=\"https:\/\/cutt.ly\/drMwkx3f\" target=\"_blank\" rel=\"noopener nofollow\">via billetterie en ligne<\/a> (jusqu\u2019au 17 octobre minuit)<\/li>\n<\/ul>\n<p>Un rendez-vous incontournable pour c\u00e9l\u00e9brer l\u2019art de vivre \u00e0 la bordelaise, \u00e0 table, \u00e9videmment\u00a0!<\/p>\n<p>\u00a0<\/p>\n<p><img loading=\"lazy\" decoding=\"async\" class=\"alignnone size-full wp-image-136857\" src=\"data:image\/svg+xml,%3Csvg%20xmlns=\" http:=\"\" alt=\"Bordeaux se met \u00e0 table banquet jardin public\" width=\"1980\" height=\"2800\" data-lazy-src=\"https:\/\/www.europesays.com\/fr\/wp-content\/uploads\/2025\/09\/Affiche-Bordeaux-se-met-a-Table-.jpg\"\/><\/p>\n<p>                &#13;<\/p>\n<p>Vous aimez ? Partagez<\/p>\n<p>&#13;<br \/>\n    &#13;<br \/>\n&#13;<br \/>\n&#13;<\/p>\n<p>            &#13;<br \/>\n    &#13;<\/p>\n<p>            <img decoding=\"async\" class=\"actus-img\" src=\"data:image\/svg+xml,%3Csvg%20xmlns=\" http:=\"\" data-lazy-src=\"https:\/\/www.europesays.com\/fr\/wp-content\/uploads\/2025\/04\/illu-smartphone.png\"\/><br \/>\n            Nos derniers articles<br \/>\n        &#13;<br \/>\n        &#13;<br \/>\n        &#13;<br \/>\n    &#13;<\/p>\n<p>            &#13;<\/p>\n<p>            &#13;<br \/>\n&#13;<\/p>\n<p>        Rejoignez la communaut\u00e9 !<\/p>\n<p class=\"news-subtitle\">Vous avez la bougeotte le week-end et&#13;<br \/>\n            soif d\u2019aventures toute l\u2019ann\u00e9e ? Restons en contact !&#13;<br \/>\n            <br \/>Chaque semaine, on vous envoie les meilleures id\u00e9es&#13;<br \/>\n            pour voyager ici !&#13;\n        <\/p>\n<p>&#13;<br \/>\n            Vous \u00eates d\u00e9j\u00e0 plus de 20 000&#13;<br \/>\n                explorateurs \u00e0 nous suivre, merci&#13;<br \/>\n                    !&#13;\n        <\/p>\n<p>    &#13;<br \/>\n&#13;<\/p>\n<p>    Un Air de Bordeaux<br \/>\n    https:\/\/www.unairdebordeaux.fr<\/p>\n","protected":false},"excerpt":{"rendered":"unairdebordeaux.fr &#8211; Explorez les paysages de la m\u00e9tropole bordelaise &amp; profitez de son dynamisme culturel. Activit\u00e9s, loisirs, balades,&hellip;\n","protected":false},"author":2,"featured_media":428677,"comment_status":"","ping_status":"","sticky":false,"template":"","format":"standard","meta":{"footnotes":""},"categories":[2817],"tags":[1111,11,1997,1777,674,1011,27,12,2219,25],"class_list":{"0":"post-428676","1":"post","2":"type-post","3":"status-publish","4":"format-standard","5":"has-post-thumbnail","7":"category-bordeaux","8":"tag-actu","9":"tag-actualites","10":"tag-bordeaux","11":"tag-eu","12":"tag-europe","13":"tag-fr","14":"tag-france","15":"tag-news","16":"tag-nouvelle-aquitaine","17":"tag-republique-francaise"},"share_on_mastodon":{"url":"https:\/\/pubeurope.com\/@fr\/115293463796096482","error":""},"_links":{"self":[{"href":"https:\/\/www.europesays.com\/fr\/wp-json\/wp\/v2\/posts\/428676","targetHints":{"allow":["GET"]}}],"collection":[{"href":"https:\/\/www.europesays.com\/fr\/wp-json\/wp\/v2\/posts"}],"about":[{"href":"https:\/\/www.europesays.com\/fr\/wp-json\/wp\/v2\/types\/post"}],"author":[{"embeddable":true,"href":"https:\/\/www.europesays.com\/fr\/wp-json\/wp\/v2\/users\/2"}],"replies":[{"embeddable":true,"href":"https:\/\/www.europesays.com\/fr\/wp-json\/wp\/v2\/comments?post=428676"}],"version-history":[{"count":0,"href":"https:\/\/www.europesays.com\/fr\/wp-json\/wp\/v2\/posts\/428676\/revisions"}],"wp:featuredmedia":[{"embeddable":true,"href":"https:\/\/www.europesays.com\/fr\/wp-json\/wp\/v2\/media\/428677"}],"wp:attachment":[{"href":"https:\/\/www.europesays.com\/fr\/wp-json\/wp\/v2\/media?parent=428676"}],"wp:term":[{"taxonomy":"category","embeddable":true,"href":"https:\/\/www.europesays.com\/fr\/wp-json\/wp\/v2\/categories?post=428676"},{"taxonomy":"post_tag","embeddable":true,"href":"https:\/\/www.europesays.com\/fr\/wp-json\/wp\/v2\/tags?post=428676"}],"curies":[{"name":"wp","href":"https:\/\/api.w.org\/{rel}","templated":true}]}}