{"id":428700,"date":"2025-09-30T13:35:09","date_gmt":"2025-09-30T13:35:09","guid":{"rendered":"https:\/\/www.europesays.com\/fr\/428700\/"},"modified":"2025-09-30T13:35:09","modified_gmt":"2025-09-30T13:35:09","slug":"tee-shirt-pizza-au-nutella-apres-anne-hidalgo-un-maire-darrondissement-epingle-pour-ses-notes-de-frais","status":"publish","type":"post","link":"https:\/\/www.europesays.com\/fr\/428700\/","title":{"rendered":"Tee-shirt, pizza au Nutella&#8230; Apr\u00e8s Anne Hidalgo, un maire d&rsquo;arrondissement \u00e9pingl\u00e9 pour ses notes de frais"},"content":{"rendered":"<p>            Par<br \/>\n        <strong><br \/>\n            <a href=\"https:\/\/actu.fr\/auteur\/redaction-paris\" title=\"Consulter tous les articles de R\u00e9daction Paris\" rel=\"nofollow noopener\" target=\"_blank\">R\u00e9daction Paris<\/a><br \/>\n        <\/strong><\/p>\n<p>        Publi\u00e9 le<\/p>\n<p>            30 sept. 2025 \u00e0 15h16        <\/p>\n<p>Pendant que le parquet national financier examine <a href=\"https:\/\/actu.fr\/ile-de-france\/paris_75056\/shopping-voyages-sous-la-pression-anne-hidalgo-revele-ses-notes-de-frais-et-souleve-l-indignation_63178904.html\" rel=\"nofollow noopener\" target=\"_blank\">les notes de frais de l\u2019H\u00f4tel de Ville<\/a>, les r\u00e9seaux sociaux s\u2019emparent des dossiers d\u2019<a href=\"https:\/\/actu.fr\/ile-de-france\/paris_75056\/municipales-eric-lejoindre-maire-ps-candidat-18eme-nest-pas-plus-sale-quailleurs-paris_31463806.html\" rel=\"nofollow noopener\" target=\"_blank\">\u00c9ric Lejoindre<\/a>, maire du 18e arrondissement de Paris (PS). L\u2019\u00e9lu socialiste est \u00e0 son tour au c\u0153ur d\u2019<strong>une controverse li\u00e9e \u00e0 ses notes de frais<\/strong>. Sur X, l\u2019une <a href=\"https:\/\/actu.fr\/ile-de-france\/paris_75056\/comment-saccageparis-a-permis-a-des-citoyens-ordinaires-de-peser-comme-rarement-sur-les-decisions-des-elus_62640901.html\" rel=\"nofollow noopener\" target=\"_blank\">des figures du mouvement #SaccageParis<\/a> a d\u00e9nonc\u00e9 les d\u00e9penses r\u00e9alis\u00e9es par le maire, obtenues gr\u00e2ce \u00e0 la Commission d\u2019acc\u00e8s aux documents administratifs (CADA). \u00ab\u2009Apr\u00e8s une distribution alimentaire \u00e0 la Goutte d\u2019Or, quoi de mieux pour reprendre des forces, pour le maire PS du 18e, qu\u2019un d\u00eener d\u00e9gustation \u00e0 deux dans un \u00e9toil\u00e9 Michelin avec accord mets-vins, pay\u00e9 par les contribuables gr\u00e2ce aux frais de repr\u00e9sentation\u2009\u00bb, rel\u00e8ve-t-il.<\/p>\n<p>\u00ab\u2009Quel genre de monarchie\u2009\u00bb<\/p>\n<p class=\" wall-content\">Selon <a href=\"https:\/\/www.lefigaro.fr\/offrir-article\/bGVmaWdhcm8uZnJfXzFmMDlkMzExLWQ2ZTYtNmJlOC1iMjQ1LWViNDBmMmI2NGI3OV9fTmV3c0ZsYXNo?shareId=2812af80-4934-4d81-ae45-2073a2dab8fd&amp;utm_source=lefigaro&amp;utm_medium=copy_link&amp;utm_campaign=offer_article\" rel=\"nofollow noopener\" target=\"_blank\">Le Figaro<\/a>, la liste des sommes rembours\u00e9es au titre de frais de repr\u00e9sentation et qui s\u2019\u00e9tale de 2020 \u00e0 2024 s\u2019\u00e9l\u00e8ve au total \u00e0 35\u2009557,10\u00a0euros. Certaines d\u00e9penses surprennent plus par \u00ab\u2009principe\u2009\u00bb que pour leur montant. Comme les notes relevant d\u2019achats de sweats \u00e0 capuche et de tee-shirt ou encore des frais de restaurant en semaine comme en week-end avec des menus enfants. \u00ab\u2009Je suis perdu, je n\u2019arrive pas \u00e0 comprendre ce qui est consid\u00e9r\u00e9 comme \u2018note de frais\u2019 de ce qui ne l\u2019est pas\u2009\u00bb, s\u2019est \u00e0 son tour interrog\u00e9 sur X, Paul Hatte, conseiller de Paris (Union capitale) et \u00e9lu dans le 17e arrondissement. \u00ab\u2009En fait, tout ce qui rel\u00e8ve du \u2018vivre\u2019 devient une note de frais parce qu\u2019on est \u2018\u00e9lu\u2019\u2009? Dans quel genre de monarchie fait-on encore cela\u2009?\u2009\u00bb<\/p>\n<p class=\" wall-content\">\n<p class=\" wall-content\">Lors du conseil d\u2019arrondissement, l\u2019\u00e9lu d\u2019opposition Rudolph Granier (Changer Paris) s\u2019est aussi empar\u00e9 du sujet. \u00ab\u2009Je ne pr\u00e9juge pas de la r\u00e9gularit\u00e9 des d\u00e9penses [\u2026]. Lorsque l\u2019argent public est public, la seule conformit\u00e9 ne suffit pas. <strong>Il faut l\u2019exemplarit\u00e9<\/strong>\u2009\u00bb, a-t-il d\u00e9clar\u00e9 devant \u00c9ric\u00a0Lejoindre. \u00ab\u2009Quand on compte les centimes pour isoler des \u00e9coles, de la chaleur et du froid, quand on compte les euros pour assurer un peu de dignit\u00e9 pour les plus vuln\u00e9rables, alors, oui, il y a quelque chose de choquant dans des notes de coiffeur, de pizza au Nutella et j\u2019en passe.\u2009\u00bb<\/p>\n<p class=\" wall-content\">\n<p>Une enveloppe l\u00e9gale<\/p>\n<p class=\" wall-content\">Du c\u00f4t\u00e9 de la majorit\u00e9 du 18e arrondissement, on voit surtout une man\u0153uvre de la droite pour faire \u00ab\u2009diversion sur <a href=\"https:\/\/actu.fr\/politique\/rachida-dati-bientot-jugee-900-000-euros-touches-corruption-on-vous-resume-l-affaire-point-par-point_62945361.html\" rel=\"nofollow noopener\" target=\"_blank\">les affaires de Rachida Dati<\/a>\u2009\u00bb. \u00ab\u2009Comme tous les maires d\u2019arrondissement, \u00c9ric\u00a0Lejoindre justifie aupr\u00e8s de l\u2019administration chaque ann\u00e9e l\u2019utilisation qu\u2019il fait de cette enveloppe, l\u00e9gale, qu\u2019il ne consomme d\u2019ailleurs pas dans son int\u00e9gralit\u00e9\u2009\u00bb, rappelle-t-on.<\/p>\n<p class=\" wall-content\">Pour rappel, les frais de repr\u00e9sentation des \u00e9lus locaux varient selon les communes. \u00c0 Paris, elle peut atteindre 20\u2009000 euros. Somme qu\u2019\u00c9ric\u00a0Lejoindre est loin d\u2019atteindre puisque ses d\u00e9penses en 2024 se sont limit\u00e9es \u00e0 8\u2009491,84 euros.<\/p>\n<p class=\" wall-content\">Personnalisez votre actualit\u00e9 en ajoutant vos villes et m\u00e9dias en favori avec <a href=\"https:\/\/moncompte.actu.fr\" title=\"D\u00e9couvez Mon Actu\" rel=\"nofollow noopener\" data-trk=\"{&quot;cta&quot;:{&quot;action&quot;:&quot;https:\\\/\\\/moncompte.actu.fr&quot;,&quot;category&quot;:&quot;mon compte&quot;,&quot;from&quot;:&quot;article footer&quot;,&quot;name&quot;:&quot;Mon actu&quot;,&quot;type&quot;:&quot;cta&quot;}}\" target=\"_blank\">Mon Actu<\/a>.<\/p>\n","protected":false},"excerpt":{"rendered":"Par R\u00e9daction Paris Publi\u00e9 le 30 sept. 2025 \u00e0 15h16 Pendant que le parquet national financier examine les&hellip;\n","protected":false},"author":2,"featured_media":428701,"comment_status":"","ping_status":"","sticky":false,"template":"","format":"standard","meta":{"footnotes":""},"categories":[1888],"tags":[11,1003,1777,674,1011,27,2381,12,626,316,25],"class_list":{"0":"post-428700","1":"post","2":"type-post","3":"status-publish","4":"format-standard","5":"has-post-thumbnail","7":"category-paris","8":"tag-actualites","9":"tag-budget","10":"tag-eu","11":"tag-europe","12":"tag-fr","13":"tag-france","14":"tag-mairie-de-paris","15":"tag-news","16":"tag-paris","17":"tag-politique","18":"tag-republique-francaise"},"share_on_mastodon":{"url":"","error":""},"_links":{"self":[{"href":"https:\/\/www.europesays.com\/fr\/wp-json\/wp\/v2\/posts\/428700","targetHints":{"allow":["GET"]}}],"collection":[{"href":"https:\/\/www.europesays.com\/fr\/wp-json\/wp\/v2\/posts"}],"about":[{"href":"https:\/\/www.europesays.com\/fr\/wp-json\/wp\/v2\/types\/post"}],"author":[{"embeddable":true,"href":"https:\/\/www.europesays.com\/fr\/wp-json\/wp\/v2\/users\/2"}],"replies":[{"embeddable":true,"href":"https:\/\/www.europesays.com\/fr\/wp-json\/wp\/v2\/comments?post=428700"}],"version-history":[{"count":0,"href":"https:\/\/www.europesays.com\/fr\/wp-json\/wp\/v2\/posts\/428700\/revisions"}],"wp:featuredmedia":[{"embeddable":true,"href":"https:\/\/www.europesays.com\/fr\/wp-json\/wp\/v2\/media\/428701"}],"wp:attachment":[{"href":"https:\/\/www.europesays.com\/fr\/wp-json\/wp\/v2\/media?parent=428700"}],"wp:term":[{"taxonomy":"category","embeddable":true,"href":"https:\/\/www.europesays.com\/fr\/wp-json\/wp\/v2\/categories?post=428700"},{"taxonomy":"post_tag","embeddable":true,"href":"https:\/\/www.europesays.com\/fr\/wp-json\/wp\/v2\/tags?post=428700"}],"curies":[{"name":"wp","href":"https:\/\/api.w.org\/{rel}","templated":true}]}}