{"id":428716,"date":"2025-09-30T13:43:11","date_gmt":"2025-09-30T13:43:11","guid":{"rendered":"https:\/\/www.europesays.com\/fr\/428716\/"},"modified":"2025-09-30T13:43:11","modified_gmt":"2025-09-30T13:43:11","slug":"atp-pekin-jannik-sinner-qualifie-en-finale-jai-eu-la-diarrhee-ces-derniers-jours-jai-perdu-des-liquides","status":"publish","type":"post","link":"https:\/\/www.europesays.com\/fr\/428716\/","title":{"rendered":"ATP &#8211; P\u00e9kin > Jannik Sinner, qualifi\u00e9 en finale : \u00ab\u00a0J&rsquo;ai eu la diarrh\u00e9e ces derniers jours. J&rsquo;ai perdu des liquides\u00a0\u00bb"},"content":{"rendered":"<p>Alors qu\u2019il a sembl\u00e9 l\u00e9g\u00e8\u00adre\u00adment touch\u00e9 physi\u00adque\u00adment en fin de match <a href=\"https:\/\/www.welovetennis.fr\/atp\/atp-pekin\/nicolas-mahut-apres-la-victoire-de-sinner-contre-de-minaur-je-suis-pas-sur-que-jannik-soit-tres-satisfait-de-son-match\" data-wpel-link=\"internal\" target=\"_blank\" rel=\"noopener\">lors de sa victoire contre Alex de Minaur en demi\u2010finales de l\u2019ATP 500 de P\u00e9kin ce mardi<\/a>, Jannik Sinner s\u2019est voulu rassu\u00adrant en conf\u00e9\u00adrence de presse.<\/p>\n<p><strong>\u00ab\u202fCe n\u2019est rien de grave. J\u2019ai eu la diar\u00adrh\u00e9e ces derniers jours. J\u2019ai perdu des liquides. Mais je me sens bien. Il y avait aussi un peu de tension. Le m\u00e9lange de tension et des derniers jours n\u2019ont pas \u00e9t\u00e9 faciles. Mais je me sens bien. Je ne m\u2019in\u00adqui\u00e8te pas pour demain (mercredi). Tout va\u00a0bien.\u202f\u00bb<\/strong><\/p>\n<p>\u00c0 24 ans, Sinner tentera d\u00e9sor\u00admais de d\u00e9cro\u00adcher le 21\u1d49 titre de sa carri\u00e8re. Pour cela, il devra battre en finale le vain\u00adqueur du duel entre Daniil Medvedev et Learner Tien.<\/p>\n<p class=\"post-published-date\" style=\"color: silver; font-size: 75%; text-align: left;\">Publi\u00e9 le mardi 30 septembre 2025 \u00e0 14:41<\/p>\n","protected":false},"excerpt":{"rendered":"Alors qu\u2019il a sembl\u00e9 l\u00e9g\u00e8\u00adre\u00adment touch\u00e9 physi\u00adque\u00adment en fin de match lors de sa victoire contre Alex de&hellip;\n","protected":false},"author":2,"featured_media":405147,"comment_status":"","ping_status":"","sticky":false,"template":"","format":"standard","meta":{"footnotes":""},"categories":[1586],"tags":[11,3252,1777,674,1779,1011,27,12,25,2127,1778,364],"class_list":{"0":"post-428716","1":"post","2":"type-post","3":"status-publish","4":"format-standard","5":"has-post-thumbnail","7":"category-europe","8":"tag-actualites","9":"tag-daniil-medvedev","10":"tag-eu","11":"tag-europe","12":"tag-european-union","13":"tag-fr","14":"tag-france","15":"tag-news","16":"tag-republique-francaise","17":"tag-sinner","18":"tag-ue","19":"tag-union-europeenne"},"share_on_mastodon":{"url":"https:\/\/pubeurope.com\/@fr\/115293546914861175","error":""},"_links":{"self":[{"href":"https:\/\/www.europesays.com\/fr\/wp-json\/wp\/v2\/posts\/428716","targetHints":{"allow":["GET"]}}],"collection":[{"href":"https:\/\/www.europesays.com\/fr\/wp-json\/wp\/v2\/posts"}],"about":[{"href":"https:\/\/www.europesays.com\/fr\/wp-json\/wp\/v2\/types\/post"}],"author":[{"embeddable":true,"href":"https:\/\/www.europesays.com\/fr\/wp-json\/wp\/v2\/users\/2"}],"replies":[{"embeddable":true,"href":"https:\/\/www.europesays.com\/fr\/wp-json\/wp\/v2\/comments?post=428716"}],"version-history":[{"count":0,"href":"https:\/\/www.europesays.com\/fr\/wp-json\/wp\/v2\/posts\/428716\/revisions"}],"wp:featuredmedia":[{"embeddable":true,"href":"https:\/\/www.europesays.com\/fr\/wp-json\/wp\/v2\/media\/405147"}],"wp:attachment":[{"href":"https:\/\/www.europesays.com\/fr\/wp-json\/wp\/v2\/media?parent=428716"}],"wp:term":[{"taxonomy":"category","embeddable":true,"href":"https:\/\/www.europesays.com\/fr\/wp-json\/wp\/v2\/categories?post=428716"},{"taxonomy":"post_tag","embeddable":true,"href":"https:\/\/www.europesays.com\/fr\/wp-json\/wp\/v2\/tags?post=428716"}],"curies":[{"name":"wp","href":"https:\/\/api.w.org\/{rel}","templated":true}]}}