{"id":428721,"date":"2025-09-30T13:46:12","date_gmt":"2025-09-30T13:46:12","guid":{"rendered":"https:\/\/www.europesays.com\/fr\/428721\/"},"modified":"2025-09-30T13:46:12","modified_gmt":"2025-09-30T13:46:12","slug":"ce-fromage-vendu-par-lidl-partout-en-france-ne-doit-pas-etre-consomme","status":"publish","type":"post","link":"https:\/\/www.europesays.com\/fr\/428721\/","title":{"rendered":"Ce fromage vendu par Lidl partout en France ne doit pas \u00eatre consomm\u00e9"},"content":{"rendered":"<p>Apr\u00e8s\u00a0Biocoop, Syst\u00e8me U, ou <a href=\"https:\/\/www.20minutes.fr\/dossier\/leclerc\" class=\"c-link c-link--is-underlined\" target=\"_blank\" rel=\"noopener\">E. Leclerc<\/a>, c\u2019est au tour de <a href=\"https:\/\/www.20minutes.fr\/economie\/lidl\/\" class=\"c-link c-link--is-underlined\" target=\"_blank\" rel=\"noopener\">Lidl<\/a> de proc\u00e9der au <a href=\"https:\/\/www.20minutes.fr\/dossier\/rappel\" class=\"c-link c-link--is-underlined\" target=\"_blank\" rel=\"noopener\">rappel<\/a> massif de fromage \u00e0 raclette potentiellement contamin\u00e9 aux listeria monocytogenes. Le leader du discount a lanc\u00e9 une campagne au sujet d\u2019un produit de la marque \u00ab\u00a0Ch\u00eane d\u2019Argent\u00a0\u00bb, commercialis\u00e9 ces derniers jours, entre le 25 et le 29\u00a0septembre.<\/p>\n<p class=\"mb-xxl@xs color-ultramarine font-weight-semi-bold@xs font-source-serif-pro heading-s@xs\">L\u2019acc\u00e8s \u00e0 ce contenu a \u00e9t\u00e9 bloqu\u00e9 afin de respecter votre choix de consentement<\/p>\n<p class=\"mb-m@xs text-l@xs\">En cliquant sur\u00ab J\u2019accepte \u00bb, vous acceptez le d\u00e9p\u00f4t de cookies par des services externes et aurez ainsi acc\u00e8s aux contenus de nos partenaires.<\/p>\n<p class=\"mb-xl@xs text-s@xs\">Plus d\u2019informations sur la page<a href=\"https:\/\/www.20minutes.fr\/gestion-cookies\" class=\"mx-xxs@xs color-ultramarine\" target=\"_blank\" rel=\"noopener\">Politique de gestion des cookies<\/a><\/p>\n<p>J\u2019accepte<\/p>\n<p>Le <a href=\"https:\/\/www.20minutes.fr\/dossier\/fromage\" class=\"c-link c-link--is-underlined\" target=\"_blank\" rel=\"noopener\">fromage<\/a>, conditionn\u00e9 sous forme de deux barquettes de 400 g chacune, porte la marque de salubrit\u00e9\u00a0FR71.047.001CE.\u00a0Tous les lots commen\u00e7ant par 266 et 267 sont concern\u00e9s par le rappel. Les articles incrimin\u00e9s ont \u00e9t\u00e9 vendus dans de tr\u00e8s nombreuses enseignes Lidl r\u00e9parties sur tout le territoire <a href=\"https:\/\/rappel.conso.gouv.fr\/document\/e01e71b2-9dbd-4bc1-9901-71c79fb6e8c6\/Interne\/ListeDesDistributeurs\" rel=\"nofollow noopener\" target=\"_blank\" class=\"c-link c-link--is-underlined\">dont le site Rappel Conso a publi\u00e9 la liste<\/a>.<\/p>\n<p>Des sympt\u00f4mes \u00e0 surveiller<\/p>\n<p>Les\u00a0<a href=\"https:\/\/www.20minutes.fr\/dossier\/listeria\" class=\"c-link c-link--is-underlined\" target=\"_blank\" rel=\"noopener\">listeria<\/a> monocytogenes sont les <a href=\"https:\/\/www.20minutes.fr\/dossier\/bacterie\" class=\"c-link c-link--is-underlined\" target=\"_blank\" rel=\"noopener\">bact\u00e9ries<\/a> responsables\u00a0de la list\u00e9riose. Les personnes qui auraient consomm\u00e9 le fromage \u00ab\u00a0et qui pr\u00e9senteraient de la fi\u00e8vre, isol\u00e9e ou accompagn\u00e9e de maux de t\u00eate, et des courbatures, sont invit\u00e9es \u00e0 consulter leur m\u00e9decin traitant en lui signalant cette consommation\u00a0\u00bb, indique Rappel Conso. \u00ab\u00a0La list\u00e9riose est une maladie qui peut \u00eatre grave et dont le d\u00e9lai d\u2019incubation peut aller jusqu\u2019\u00e0 huit semaines\u00a0\u00bb, pr\u00e9cise par ailleurs le site.<\/p>\n<\/p>\n<p>Il est conseill\u00e9 de ne pas consommer le produit laitier et de le rapporter en point de vente le cas \u00e9ch\u00e9ant. Les clients ont jusqu\u2019au 14\u00a0octobre pour r\u00e9clamer un remboursement. Un num\u00e9ro de t\u00e9l\u00e9phone est disponible pour toute question\u00a0: 0080054355435.<\/p>\n","protected":false},"excerpt":{"rendered":"Apr\u00e8s\u00a0Biocoop, Syst\u00e8me U, ou E. Leclerc, c\u2019est au tour de Lidl de proc\u00e9der au rappel massif de fromage&hellip;\n","protected":false},"author":2,"featured_media":428722,"comment_status":"","ping_status":"","sticky":false,"template":"","format":"standard","meta":{"footnotes":""},"categories":[4],"tags":[11,254,1011,27,18542,27868,12,25,71,397],"class_list":{"0":"post-428721","1":"post","2":"type-post","3":"status-publish","4":"format-standard","5":"has-post-thumbnail","7":"category-france","8":"tag-actualites","9":"tag-conso","10":"tag-fr","11":"tag-france","12":"tag-lidl","13":"tag-listeria","14":"tag-news","15":"tag-republique-francaise","16":"tag-sante","17":"tag-supermarche"},"share_on_mastodon":{"url":"https:\/\/pubeurope.com\/@fr\/115293559860344837","error":""},"_links":{"self":[{"href":"https:\/\/www.europesays.com\/fr\/wp-json\/wp\/v2\/posts\/428721","targetHints":{"allow":["GET"]}}],"collection":[{"href":"https:\/\/www.europesays.com\/fr\/wp-json\/wp\/v2\/posts"}],"about":[{"href":"https:\/\/www.europesays.com\/fr\/wp-json\/wp\/v2\/types\/post"}],"author":[{"embeddable":true,"href":"https:\/\/www.europesays.com\/fr\/wp-json\/wp\/v2\/users\/2"}],"replies":[{"embeddable":true,"href":"https:\/\/www.europesays.com\/fr\/wp-json\/wp\/v2\/comments?post=428721"}],"version-history":[{"count":0,"href":"https:\/\/www.europesays.com\/fr\/wp-json\/wp\/v2\/posts\/428721\/revisions"}],"wp:featuredmedia":[{"embeddable":true,"href":"https:\/\/www.europesays.com\/fr\/wp-json\/wp\/v2\/media\/428722"}],"wp:attachment":[{"href":"https:\/\/www.europesays.com\/fr\/wp-json\/wp\/v2\/media?parent=428721"}],"wp:term":[{"taxonomy":"category","embeddable":true,"href":"https:\/\/www.europesays.com\/fr\/wp-json\/wp\/v2\/categories?post=428721"},{"taxonomy":"post_tag","embeddable":true,"href":"https:\/\/www.europesays.com\/fr\/wp-json\/wp\/v2\/tags?post=428721"}],"curies":[{"name":"wp","href":"https:\/\/api.w.org\/{rel}","templated":true}]}}