{"id":428727,"date":"2025-09-30T13:50:13","date_gmt":"2025-09-30T13:50:13","guid":{"rendered":"https:\/\/www.europesays.com\/fr\/428727\/"},"modified":"2025-09-30T13:50:13","modified_gmt":"2025-09-30T13:50:13","slug":"gasquet-accepte-un-poste-a-la-federation-francaise-de-tennis","status":"publish","type":"post","link":"https:\/\/www.europesays.com\/fr\/428727\/","title":{"rendered":"Gasquet accepte un poste \u00e0 la F\u00e9d\u00e9ration fran\u00e7aise de tennis"},"content":{"rendered":"<p>                <img decoding=\"async\" src=\"https:\/\/www.europesays.com\/fr\/wp-content\/uploads\/2025\/09\/jxVu.jpg\" fetchpriority=\"high\" alt=\"Gasquet accepte un poste \u00e0 la F\u00e9d\u00e9ration fran\u00e7aise de tennis\"\/><\/p>\n<p>La F\u00e9d\u00e9ration fran\u00e7aise de tennis (FFT) annonce ce mercredi l\u2019int\u00e9gration de Richard Gasquet dans un projet de mentorat, dans le but d\u2019accompagner les jeunes espoirs et de leur faire partager son exp\u00e9rience.<\/p>\n<p>Gasquet, officiellement retrait\u00e9 depuis Roland-Garros, b\u00e9n\u00e9ficiera \u00e9galement d\u2019un accompagnement dans sa reconversion post-carri\u00e8re.<\/p>\n<p>Dans son communiqu\u00e9, la FFT indique : \u00ab La F\u00e9d\u00e9ration Fran\u00e7aise de Tennis est heureuse d\u2019annoncer que Richard Gasquet rejoint la cellule \u2018expert\u2019 de la FFT. Il occupera au sein de celle-ci une place privil\u00e9gi\u00e9e et portera ce projet ambitieux.<\/p>\n<p>Le lancement de cette nouvelle structure s\u2019inscrit dans le cadre de la strat\u00e9gie haut niveau impuls\u00e9e par la FFT et plac\u00e9e sous la responsabilit\u00e9 d\u2019Ivan Ljubicic. Cette cellule \u2018expert\u2019 a pour ambition de mettre en place un syst\u00e8me de double mentorat.<\/p>\n<p>Cette structure in\u00e9dite a ainsi pour vocation, d\u2019une part, de transmettre le savoir et l\u2019exp\u00e9rience des meilleurs joueuses et joueurs professionnels aux jeunes espoirs du tennis fran\u00e7ais.<\/p>\n<p>Ce partage d\u2019exp\u00e9rience doit favoriser la professionnalisation des jeunes talents et leur permettre de mieux s\u2019adapter aux exigences du haut niveau dans le but d\u2019\u00eatre toujours plus performants.<\/p>\n<p>D\u2019autre part, \u00e0 travers cette structure, la FFT accompagnera les anciens champions dans leur reconversion, leur offrant la possibilit\u00e9 de construire un projet ambitieux apr\u00e8s leur carri\u00e8re.<\/p>\n<p>Cette cellule, qui s\u2019av\u00e8rera donc b\u00e9n\u00e9fique \u00e0 toutes les parties prenantes, permettra de faire vivre l\u2019h\u00e9ritage du tennis fran\u00e7ais et de le faire rayonner sur la sc\u00e8ne internationale. \u00bb<\/p>\n","protected":false},"excerpt":{"rendered":"La F\u00e9d\u00e9ration fran\u00e7aise de tennis (FFT) annonce ce mercredi l\u2019int\u00e9gration de Richard Gasquet dans un projet de mentorat,&hellip;\n","protected":false},"author":2,"featured_media":428728,"comment_status":"","ping_status":"","sticky":false,"template":"","format":"standard","meta":{"footnotes":""},"categories":[1415],"tags":[1011,27,60,1467],"class_list":{"0":"post-428727","1":"post","2":"type-post","3":"status-publish","4":"format-standard","5":"has-post-thumbnail","7":"category-tennis","8":"tag-fr","9":"tag-france","10":"tag-sports","11":"tag-tennis"},"share_on_mastodon":{"url":"https:\/\/pubeurope.com\/@fr\/115293574001591408","error":""},"_links":{"self":[{"href":"https:\/\/www.europesays.com\/fr\/wp-json\/wp\/v2\/posts\/428727","targetHints":{"allow":["GET"]}}],"collection":[{"href":"https:\/\/www.europesays.com\/fr\/wp-json\/wp\/v2\/posts"}],"about":[{"href":"https:\/\/www.europesays.com\/fr\/wp-json\/wp\/v2\/types\/post"}],"author":[{"embeddable":true,"href":"https:\/\/www.europesays.com\/fr\/wp-json\/wp\/v2\/users\/2"}],"replies":[{"embeddable":true,"href":"https:\/\/www.europesays.com\/fr\/wp-json\/wp\/v2\/comments?post=428727"}],"version-history":[{"count":0,"href":"https:\/\/www.europesays.com\/fr\/wp-json\/wp\/v2\/posts\/428727\/revisions"}],"wp:featuredmedia":[{"embeddable":true,"href":"https:\/\/www.europesays.com\/fr\/wp-json\/wp\/v2\/media\/428728"}],"wp:attachment":[{"href":"https:\/\/www.europesays.com\/fr\/wp-json\/wp\/v2\/media?parent=428727"}],"wp:term":[{"taxonomy":"category","embeddable":true,"href":"https:\/\/www.europesays.com\/fr\/wp-json\/wp\/v2\/categories?post=428727"},{"taxonomy":"post_tag","embeddable":true,"href":"https:\/\/www.europesays.com\/fr\/wp-json\/wp\/v2\/tags?post=428727"}],"curies":[{"name":"wp","href":"https:\/\/api.w.org\/{rel}","templated":true}]}}